{"id":264925,"date":"2022-06-17T14:11:00","date_gmt":"2022-06-17T12:11:00","guid":{"rendered":"https:\/\/zjarr.tv\/?p=264925"},"modified":"2022-06-17T14:11:00","modified_gmt":"2022-06-17T12:11:00","slug":"yuri-kim-ne-mes-te-2-dosjeve-me-krim","status":"publish","type":"post","link":"https:\/\/zjarr.tv\/en\/yuri-kim-ne-mes-te-2-dosjeve-me-krim\/","title":{"rendered":"Yuri Kim n\u00eb mes t\u00eb 2 dosjeve me krim"},"content":{"rendered":"<p>Nga Ylli Dylgjeri<\/p>\n<p>N\u00eb konferenc\u00ebn e organizuar nga qeveria p\u00ebr luft\u00ebn kund\u00ebr korrupsionit, ishte e pranishme edhe ambasadorja amerikane zonja Yuri Kim.<\/p>\n<p>Ku ishte ulur ajo, do t\u00eb m\u00eb pyesni?<\/p>\n<p>Good question!<\/p>\n<p>Ishte ulur midis dy dosjeve t\u00eb krimit q\u00eb hetohen nga SPAK, midis Dosjes 184 (Ulsi Manja), Shitblerja e Vot\u00ebs; dhe Dosjes s\u00eb Abuzimit me Incenerator\u00ebt (Arben Ahmetaj &amp; Co).<\/p>\n<p>Tjet\u00ebr, pas duartrokiti fjal\u00ebn e kryeministrit, u ngrit, shtyu Dosjen e Incenerator\u00ebve dhe doli n\u00eb podiumin e konferenc\u00ebs ku nd\u00ebr t\u00eb tjera deklaroi se \u201cqeveria \u00ebsht\u00eb e p\u00ebrkushtuar p\u00ebr luft\u00ebn ndaj korrupsionit\u201d.<\/p>\n<p>Pas duartrokitjeve, u kthye s\u00ebrish n\u00eb karrige duke shtyr\u00eb Dosjen 184 dhe u ul p\u00ebr t\u00eb shijuar shikimet, p\u00ebrg\u00ebzimet e qeveritar\u00ebve t\u00eb kapur n\u00eb krim.<\/p>\n<p>Urime zonja Kim!<\/p>\n<p>Pozicioni yt \u00ebsht\u00eb aktrim.<\/p>\n<p>Vendi \u00ebsht\u00eb i zhytur n\u00eb krim.<\/p>\n<p>K\u00ebto vargje nga un\u00eb i ke kujtim!<\/p>","protected":false},"excerpt":{"rendered":"<p>Nga Ylli Dylgjeri N\u00eb konferenc\u00ebn e organizuar nga qeveria p\u00ebr luft\u00ebn kund\u00ebr korrupsionit, ishte e pranishme edhe ambasadorja amerikane zonja Yuri Kim. Ku ishte ulur ajo, do t\u00eb m\u00eb pyesni? Good question! Ishte ulur midis dy dosjeve t\u00eb krimit q\u00eb hetohen nga SPAK, midis Dosjes 184 (Ulsi Manja), Shitblerja e Vot\u00ebs; dhe Dosjes s\u00eb Abuzimit [&hellip;]<\/p>\n","protected":false},"author":2020,"featured_media":264926,"comment_status":"closed","ping_status":"closed","sticky":false,"template":"","format":"standard","meta":{"footnotes":""},"categories":[241,5380,231],"tags":[],"class_list":{"0":"post-264925","1":"post","2":"type-post","3":"status-publish","4":"format-standard","5":"has-post-thumbnail","7":"category-aktualitet","8":"category-kryesore","9":"category-lajme"},"_links":{"self":[{"href":"https:\/\/zjarr.tv\/en\/wp-json\/wp\/v2\/posts\/264925","targetHints":{"allow":["GET"]}}],"collection":[{"href":"https:\/\/zjarr.tv\/en\/wp-json\/wp\/v2\/posts"}],"about":[{"href":"https:\/\/zjarr.tv\/en\/wp-json\/wp\/v2\/types\/post"}],"author":[{"embeddable":true,"href":"https:\/\/zjarr.tv\/en\/wp-json\/wp\/v2\/users\/2020"}],"replies":[{"embeddable":true,"href":"https:\/\/zjarr.tv\/en\/wp-json\/wp\/v2\/comments?post=264925"}],"version-history":[{"count":0,"href":"https:\/\/zjarr.tv\/en\/wp-json\/wp\/v2\/posts\/264925\/revisions"}],"wp:featuredmedia":[{"embeddable":true,"href":"https:\/\/zjarr.tv\/en\/wp-json\/wp\/v2\/media\/264926"}],"wp:attachment":[{"href":"https:\/\/zjarr.tv\/en\/wp-json\/wp\/v2\/media?parent=264925"}],"wp:term":[{"taxonomy":"category","embeddable":true,"href":"https:\/\/zjarr.tv\/en\/wp-json\/wp\/v2\/categories?post=264925"},{"taxonomy":"post_tag","embeddable":true,"href":"https:\/\/zjarr.tv\/en\/wp-json\/wp\/v2\/tags?post=264925"}],"curies":[{"name":"wp","href":"https:\/\/api.w.org\/{rel}","templated":true}]}}