{"id":264929,"date":"2022-06-17T14:21:24","date_gmt":"2022-06-17T12:21:24","guid":{"rendered":"https:\/\/zjarr.tv\/?p=264929"},"modified":"2022-06-17T14:21:24","modified_gmt":"2022-06-17T12:21:24","slug":"rihapja-e-basteve-sportive-evis-kushi-pret-ne-takim-kreun-e-fshf-se-armando-duka-nuk-do-i-kthehemi-katrahures-se-te-shkuares-me-salla-bixhozi-dhe-bingosh","status":"publish","type":"post","link":"https:\/\/zjarr.tv\/en\/rihapja-e-basteve-sportive-evis-kushi-pret-ne-takim-kreun-e-fshf-se-armando-duka-nuk-do-i-kthehemi-katrahures-se-te-shkuares-me-salla-bixhozi-dhe-bingosh\/","title":{"rendered":"Rihapja e basteve sportive, Evis Kushi pret n\u00eb takim kreun e FSHF-s\u00eb Armando Duka: Nuk do i kthehemi katrahur\u00ebs s\u00eb t\u00eb shkuar\u00ebs, me salla bixhozi dhe bingosh"},"content":{"rendered":"<p>Nisur nga zhvillimet e fundit dhe k\u00ebrkesat e ndryshme t\u00eb ardhura nga nj\u00eb pjes\u00eb e Federatave Shqiptare Sportive mbi disa ndryshime t\u00eb propozuara p\u00ebr Ligjin e Sponsorizimit dhe bastet sportive, sot Ministrja e Arsimit dhe Sportit Evis Kushi zhvilloi nj\u00eb d\u00ebgjes\u00eb me Presidentin e Federat\u00ebs Shqiptare t\u00eb Futbollit Armand Duka dhe p\u00ebrfaq\u00ebsues t\u00eb k\u00ebsaj federate.<\/p>\n<p>Q\u00ebllimi i k\u00ebtij takimi ishte shk\u00ebmbimi i opinioneve dhe q\u00ebndrimeve me frym\u00eb dialogu e bashk\u00ebpunimi edhe p\u00ebr ligjin e sponsorizimeve dhe \u00e7\u00ebshtje t\u00eb tjera q\u00eb lidhen me sportin.<\/p>\n<p>\u201cI kam ndjekur vazhdimisht me shum\u00eb v\u00ebmendje diskutimet e fundit nga p\u00ebrfaq\u00ebsues t\u00eb ndrysh\u00ebm t\u00eb komunitetit t\u00eb sportit n\u00eb lidhje me \u00e7\u00ebshtjen e rihapjes s\u00eb basteve sportive. Natyrisht q\u00eb pretendimet e tyre p\u00ebr tregun e zi t\u00eb basteve nuk jan\u00eb pa baz\u00eb, madje ka pasur edhe operacione policore n\u00eb k\u00ebt\u00eb drejtim. Por nd\u00ebrkoh\u00eb ne jemi t\u00eb vet\u00ebdijsh\u00ebm q\u00eb n\u00eb t\u00eb gjith\u00eb bot\u00ebn, madje edhe n\u00eb vendet m\u00eb t\u00eb zhvilluara, problemi i tregut t\u00eb zi digjital t\u00eb basteve sportive \u00ebsht\u00eb shum\u00eb i ndjesh\u00ebm,\u201d \u2013 thekson znj. Kushi n\u00eb nj\u00eb status n\u00eb rrjete sociale.<\/p>\n<p>Ministrja shton se e p\u00ebrjashton kategorikisht p\u00ebrs\u00ebritjen e katrahur\u00ebs s\u00eb sallave t\u00eb bixhozit, bingove e basteve, si dhe pasojat negative t\u00eb k\u00ebtij fenomeni social n\u00eb familjet shqiptare, por nd\u00ebrkoh\u00eb do t\u00eb d\u00ebgjoj\u00eb m\u00eb shum\u00eb p\u00ebr mund\u00ebsin\u00eb e formalizimit t\u00eb tregut digjital.<\/p>\n<p>Kushi thot\u00eb m\u00eb tej se Ministria e Arsimit dhe Sportit ka treguar mb\u00ebshtetje t\u00eb vazhdueshme p\u00ebr zhvillimin e sportit n\u00eb vend dhe takime t\u00eb tilla jan\u00eb t\u00eb dobishme p\u00ebr t\u00eb ecur bashk\u00ebrisht p\u00ebrpara e p\u00ebr t\u00eb nd\u00ebrmarr\u00eb politika q\u00eb garantojn\u00eb nj\u00eb sport dinjitoz. N\u00eb dit\u00ebt n\u00eb vijim do t\u00eb zhvillohen d\u00ebgjesa edhe me p\u00ebrfaq\u00ebsues t\u00eb federatave t\u00eb tjera sportive dhe grupe interesi.<\/p>","protected":false},"excerpt":{"rendered":"<p>Nisur nga zhvillimet e fundit dhe k\u00ebrkesat e ndryshme t\u00eb ardhura nga nj\u00eb pjes\u00eb e Federatave Shqiptare Sportive mbi disa ndryshime t\u00eb propozuara p\u00ebr Ligjin e Sponsorizimit dhe bastet sportive, sot Ministrja e Arsimit dhe Sportit Evis Kushi zhvilloi nj\u00eb d\u00ebgjes\u00eb me Presidentin e Federat\u00ebs Shqiptare t\u00eb Futbollit Armand Duka dhe p\u00ebrfaq\u00ebsues t\u00eb k\u00ebsaj federate. [&hellip;]<\/p>\n","protected":false},"author":2020,"featured_media":264930,"comment_status":"closed","ping_status":"closed","sticky":false,"template":"","format":"standard","meta":{"footnotes":""},"categories":[241,5380,231],"tags":[],"class_list":{"0":"post-264929","1":"post","2":"type-post","3":"status-publish","4":"format-standard","5":"has-post-thumbnail","7":"category-aktualitet","8":"category-kryesore","9":"category-lajme"},"_links":{"self":[{"href":"https:\/\/zjarr.tv\/en\/wp-json\/wp\/v2\/posts\/264929","targetHints":{"allow":["GET"]}}],"collection":[{"href":"https:\/\/zjarr.tv\/en\/wp-json\/wp\/v2\/posts"}],"about":[{"href":"https:\/\/zjarr.tv\/en\/wp-json\/wp\/v2\/types\/post"}],"author":[{"embeddable":true,"href":"https:\/\/zjarr.tv\/en\/wp-json\/wp\/v2\/users\/2020"}],"replies":[{"embeddable":true,"href":"https:\/\/zjarr.tv\/en\/wp-json\/wp\/v2\/comments?post=264929"}],"version-history":[{"count":0,"href":"https:\/\/zjarr.tv\/en\/wp-json\/wp\/v2\/posts\/264929\/revisions"}],"wp:featuredmedia":[{"embeddable":true,"href":"https:\/\/zjarr.tv\/en\/wp-json\/wp\/v2\/media\/264930"}],"wp:attachment":[{"href":"https:\/\/zjarr.tv\/en\/wp-json\/wp\/v2\/media?parent=264929"}],"wp:term":[{"taxonomy":"category","embeddable":true,"href":"https:\/\/zjarr.tv\/en\/wp-json\/wp\/v2\/categories?post=264929"},{"taxonomy":"post_tag","embeddable":true,"href":"https:\/\/zjarr.tv\/en\/wp-json\/wp\/v2\/tags?post=264929"}],"curies":[{"name":"wp","href":"https:\/\/api.w.org\/{rel}","templated":true}]}}