{"id":264968,"date":"2022-06-17T17:08:21","date_gmt":"2022-06-17T15:08:21","guid":{"rendered":"https:\/\/zjarr.tv\/?p=264968"},"modified":"2022-06-17T17:08:21","modified_gmt":"2022-06-17T15:08:21","slug":"sali-berisha-nxjerr-dokumentet-e-italise-arrestohet-djali-i-ministrit-bledi-cuci-anetar-i-mafias-qe-kontrabandonte-ilace-2","status":"publish","type":"post","link":"https:\/\/zjarr.tv\/en\/sali-berisha-nxjerr-dokumentet-e-italise-arrestohet-djali-i-ministrit-bledi-cuci-anetar-i-mafias-qe-kontrabandonte-ilace-2\/","title":{"rendered":"Sali Berisha nxjerr DOKUMENTET e Italis\u00eb: Arrestohet djali i ministrit Bledi \u00c7u\u00e7i! An\u00ebtar i mafias q\u00eb kontrabandonte ila\u00e7e"},"content":{"rendered":"<p>Endi \u00c7u\u00e7i, djali i ministrit t\u00eb Brendsh\u00ebm Bledi \u00c7u\u00e7i \u00ebsht\u00eb arrestuar nga autoritetet italiane dhe \u00ebhst\u00eb hetuar nga autoritetet atje. Pak dit\u00eb m\u00eb par\u00eb SPAK finalizoi operacionin bashk\u00eb me koleg\u00ebt e Antimafias s\u00eb Milanos, ku dilnin emrat e disa mjek\u00ebve t\u00eb QSUT.<\/p>\n<p>Nd\u00ebrkoh\u00eb, dokumentet e Italis\u00eb tregojn\u00eb se lista e shtetasve shqiptar\u00eb t\u00eb p\u00ebrfshir\u00eb n\u00eb kontraband\u00ebn e ila\u00e7eve gjat\u00eb periudh\u00ebs s\u00eb Covid, \u00ebsht\u00eb m\u00eb e gjat\u00eb. Aty del emri i juristes s\u00eb njohur Zhaklina Peto, ish-kandidate p\u00ebr n\u00eb KED, emri i bashk\u00ebshortit t\u00eb saj, mjekut pediat\u00ebr n\u00eb QSUT Aurel Vula.<\/p>\n<p>Gjithashtu, n\u00eb dokumentet e Gjykat\u00ebs s\u00eb Milanos del dhe emri i mjekut tjet\u00ebr Vladimir Peto, biznesmeni Aleksand\u00ebr Gjoka, etj. Shkresat provojn\u00eb se nj\u00eb num\u00ebr i madh shqiptar\u00ebsh, mes t\u00eb cil\u00ebve dhe djali i Bledi \u00c7u\u00e7it, Endi \u00c7u\u00e7i.<\/p>\n<p>Vijon\u2026<\/p>","protected":false},"excerpt":{"rendered":"<p>Endi \u00c7u\u00e7i, djali i ministrit t\u00eb Brendsh\u00ebm Bledi \u00c7u\u00e7i \u00ebsht\u00eb arrestuar nga autoritetet italiane dhe \u00ebhst\u00eb hetuar nga autoritetet atje. Pak dit\u00eb m\u00eb par\u00eb SPAK finalizoi operacionin bashk\u00eb me koleg\u00ebt e Antimafias s\u00eb Milanos, ku dilnin emrat e disa mjek\u00ebve t\u00eb QSUT. Nd\u00ebrkoh\u00eb, dokumentet e Italis\u00eb tregojn\u00eb se lista e shtetasve shqiptar\u00eb t\u00eb p\u00ebrfshir\u00eb n\u00eb [&hellip;]<\/p>\n","protected":false},"author":2031,"featured_media":264969,"comment_status":"closed","ping_status":"closed","sticky":false,"template":"","format":"standard","meta":{"footnotes":""},"categories":[241,231,235],"tags":[],"class_list":{"0":"post-264968","1":"post","2":"type-post","3":"status-publish","4":"format-standard","5":"has-post-thumbnail","7":"category-aktualitet","8":"category-lajme","9":"category-vendi"},"_links":{"self":[{"href":"https:\/\/zjarr.tv\/en\/wp-json\/wp\/v2\/posts\/264968","targetHints":{"allow":["GET"]}}],"collection":[{"href":"https:\/\/zjarr.tv\/en\/wp-json\/wp\/v2\/posts"}],"about":[{"href":"https:\/\/zjarr.tv\/en\/wp-json\/wp\/v2\/types\/post"}],"author":[{"embeddable":true,"href":"https:\/\/zjarr.tv\/en\/wp-json\/wp\/v2\/users\/2031"}],"replies":[{"embeddable":true,"href":"https:\/\/zjarr.tv\/en\/wp-json\/wp\/v2\/comments?post=264968"}],"version-history":[{"count":0,"href":"https:\/\/zjarr.tv\/en\/wp-json\/wp\/v2\/posts\/264968\/revisions"}],"wp:featuredmedia":[{"embeddable":true,"href":"https:\/\/zjarr.tv\/en\/wp-json\/wp\/v2\/media\/264969"}],"wp:attachment":[{"href":"https:\/\/zjarr.tv\/en\/wp-json\/wp\/v2\/media?parent=264968"}],"wp:term":[{"taxonomy":"category","embeddable":true,"href":"https:\/\/zjarr.tv\/en\/wp-json\/wp\/v2\/categories?post=264968"},{"taxonomy":"post_tag","embeddable":true,"href":"https:\/\/zjarr.tv\/en\/wp-json\/wp\/v2\/tags?post=264968"}],"curies":[{"name":"wp","href":"https:\/\/api.w.org\/{rel}","templated":true}]}}