{"id":264976,"date":"2022-06-17T17:23:18","date_gmt":"2022-06-17T15:23:18","guid":{"rendered":"https:\/\/zjarr.tv\/?p=264976"},"modified":"2022-06-17T17:23:18","modified_gmt":"2022-06-17T15:23:18","slug":"iu-sekuestrua-ndertesa-pa-leje-kush-eshte-asjan-buceza-i-akuzuar-per-pjesemarrje-ne-organizata-kriminale","status":"publish","type":"post","link":"https:\/\/zjarr.tv\/en\/iu-sekuestrua-ndertesa-pa-leje-kush-eshte-asjan-buceza-i-akuzuar-per-pjesemarrje-ne-organizata-kriminale\/","title":{"rendered":"Iu sekuestrua nd\u00ebrtesa pa leje, kush \u00ebsht\u00eb Asjan Bu\u00e7eza, i akuzuar p\u00ebr pjes\u00ebmarrje n\u00eb organizata kriminale"},"content":{"rendered":"<p>Prokuroria e Durr\u00ebsit ka sekuestruar sot 14 apartamente dhe 5 nd\u00ebrtime pa leje n\u00eb qytetin bregdetar.<\/p>\n<p>N\u00eb njoftimin e Prokuroris\u00eb b\u00ebhet me dije se \u00ebsht\u00eb sekuestruar edhe objekti n\u00eb pron\u00ebsi t\u00eb shtetasit Asjan Bu\u00e7eza (Hasan Buceza).<\/p>\n<p>\u201cNd\u00ebrtim pa leje, i deklaruar n\u00eb em\u00ebr t\u00eb shtetasit A B. Formular Vet\u00ebdeklarimi nr. 910\/2 dat\u00eb 21.11.2006. Objekti i deklaruar \u201cBanes\u00eb, adresa e truallit t\u00eb nd\u00ebrtimit; Arapaj, Viti i nd\u00ebrtimit 10.05.2001, Adresa Arapaj, Sip\u00ebrfaqe e z\u00ebn\u00eb 500 m2. Sip\u00ebrfaqe nd\u00ebrtimi 81 m2. Numri i kateve 1\u201d, thuhet n\u00eb njoftimin e Prokuroris\u00eb s\u00eb Durr\u00ebsit.<\/p>\n<p>Ky i fundit nuk \u00ebsht\u00eb em\u00ebr i panjohur p\u00ebr drejt\u00ebsin\u00eb, pasi m\u00eb her\u00ebt \u00ebst\u00eb arrestuar n\u00eb pik\u00ebn kufitare t\u00eb Morin\u00ebs, pasi ishte n\u00eb k\u00ebrkim nd\u00ebrkomb\u00ebtar.<\/p>\n<p>N\u00eb vitin 2005 autoritet gjyq\u00ebsore t\u00eb Milanos n\u00eb Itali, l\u00ebshuan nj\u00eb urdh\u00ebr arresti p\u00ebr t\u00eb, pasi akuzohej p\u00ebr \u201cPjes\u00ebmarrje n\u00eb organizata kriminale\u201d. Gjithashtu autoritetet italiane kan\u00eb k\u00ebrkuar d\u00ebnimin me 25 vite burg p\u00ebr t\u00eb.<\/p>","protected":false},"excerpt":{"rendered":"<p>Prokuroria e Durr\u00ebsit ka sekuestruar sot 14 apartamente dhe 5 nd\u00ebrtime pa leje n\u00eb qytetin bregdetar. N\u00eb njoftimin e Prokuroris\u00eb b\u00ebhet me dije se \u00ebsht\u00eb sekuestruar edhe objekti n\u00eb pron\u00ebsi t\u00eb shtetasit Asjan Bu\u00e7eza (Hasan Buceza). \u201cNd\u00ebrtim pa leje, i deklaruar n\u00eb em\u00ebr t\u00eb shtetasit A B. Formular Vet\u00ebdeklarimi nr. 910\/2 dat\u00eb 21.11.2006. Objekti i [&hellip;]<\/p>\n","protected":false},"author":2031,"featured_media":264977,"comment_status":"closed","ping_status":"closed","sticky":false,"template":"","format":"standard","meta":{"footnotes":""},"categories":[241,231,235],"tags":[],"class_list":{"0":"post-264976","1":"post","2":"type-post","3":"status-publish","4":"format-standard","5":"has-post-thumbnail","7":"category-aktualitet","8":"category-lajme","9":"category-vendi"},"_links":{"self":[{"href":"https:\/\/zjarr.tv\/en\/wp-json\/wp\/v2\/posts\/264976","targetHints":{"allow":["GET"]}}],"collection":[{"href":"https:\/\/zjarr.tv\/en\/wp-json\/wp\/v2\/posts"}],"about":[{"href":"https:\/\/zjarr.tv\/en\/wp-json\/wp\/v2\/types\/post"}],"author":[{"embeddable":true,"href":"https:\/\/zjarr.tv\/en\/wp-json\/wp\/v2\/users\/2031"}],"replies":[{"embeddable":true,"href":"https:\/\/zjarr.tv\/en\/wp-json\/wp\/v2\/comments?post=264976"}],"version-history":[{"count":0,"href":"https:\/\/zjarr.tv\/en\/wp-json\/wp\/v2\/posts\/264976\/revisions"}],"wp:featuredmedia":[{"embeddable":true,"href":"https:\/\/zjarr.tv\/en\/wp-json\/wp\/v2\/media\/264977"}],"wp:attachment":[{"href":"https:\/\/zjarr.tv\/en\/wp-json\/wp\/v2\/media?parent=264976"}],"wp:term":[{"taxonomy":"category","embeddable":true,"href":"https:\/\/zjarr.tv\/en\/wp-json\/wp\/v2\/categories?post=264976"},{"taxonomy":"post_tag","embeddable":true,"href":"https:\/\/zjarr.tv\/en\/wp-json\/wp\/v2\/tags?post=264976"}],"curies":[{"name":"wp","href":"https:\/\/api.w.org\/{rel}","templated":true}]}}