{"id":264980,"date":"2022-06-17T17:33:35","date_gmt":"2022-06-17T15:33:35","guid":{"rendered":"https:\/\/zjarr.tv\/?p=264980"},"modified":"2022-06-17T17:33:35","modified_gmt":"2022-06-17T15:33:35","slug":"alfred-lela-merr-postin-e-rendesishem-ne-pd-e-rithemeluar-te-sali-berishes","status":"publish","type":"post","link":"https:\/\/zjarr.tv\/en\/alfred-lela-merr-postin-e-rendesishem-ne-pd-e-rithemeluar-te-sali-berishes\/","title":{"rendered":"Alfred Lela merr postin e r\u00ebnd\u00ebsish\u00ebm n\u00eb PD e rithemeluar t\u00eb Sali Berish\u00ebs"},"content":{"rendered":"<p>Gazetari i njohur Alfred Lela ka marr\u00eb nj\u00eb post t\u00eb r\u00ebnd\u00ebsish\u00ebm n\u00eb selin\u00eb blu, tashm\u00eb e rithemeluar dhe me kryetar t\u00eb ri Sali Berish\u00ebn. Lela \u00ebsht\u00eb em\u00ebruar Drejtor p\u00ebr Marr\u00ebdh\u00ebniet me Publikun, n\u00eb PD.<\/p>\n<p>Ky em\u00ebrim i gazetarit t\u00eb njohur n\u00eb krye t\u00eb dikasterit t\u00eb r\u00ebnd\u00ebsish\u00ebm t\u00eb Partis\u00eb Demokratike, n\u00eb lidhje me mediat dhe informimin e publikut p\u00ebr vendimet q\u00eb merren, vjen dit\u00eb pas zgjedhjes s\u00eb Sali Berish\u00ebs n\u00eb krye t\u00eb selis\u00eb blu. Gjithashtu, PD ka p\u00ebrmbyllur me sukses afro dy jav\u00eb m\u00eb par\u00eb dhe procesin e ristrukturimit t\u00eb Sekretariateve.<\/p>\n<p>Nismat e Sali Berish\u00ebs p\u00ebr t\u00eb marr\u00eb partin\u00eb, Lela i ka cil\u00ebsuar si alternativa m\u00eb t\u00eb mir\u00eb p\u00ebr t\u00eb larguar kryedemokratin Lulzim Basha nga \u2018stacioni i ngulitur\u2019. Edhe pse n\u00eb debatet mediatike ka qen\u00eb pran\u00eb PD, gazetari dhe analisti politik gjithnj\u00eb \u00ebsht\u00eb shprehur p\u00ebr hapjen e partis\u00eb p\u00ebr emra t\u00eb rinj.<\/p>","protected":false},"excerpt":{"rendered":"<p>Gazetari i njohur Alfred Lela ka marr\u00eb nj\u00eb post t\u00eb r\u00ebnd\u00ebsish\u00ebm n\u00eb selin\u00eb blu, tashm\u00eb e rithemeluar dhe me kryetar t\u00eb ri Sali Berish\u00ebn. Lela \u00ebsht\u00eb em\u00ebruar Drejtor p\u00ebr Marr\u00ebdh\u00ebniet me Publikun, n\u00eb PD. Ky em\u00ebrim i gazetarit t\u00eb njohur n\u00eb krye t\u00eb dikasterit t\u00eb r\u00ebnd\u00ebsish\u00ebm t\u00eb Partis\u00eb Demokratike, n\u00eb lidhje me mediat dhe informimin [&hellip;]<\/p>\n","protected":false},"author":2031,"featured_media":264983,"comment_status":"closed","ping_status":"closed","sticky":false,"template":"","format":"standard","meta":{"footnotes":""},"categories":[241,231,235],"tags":[],"class_list":{"0":"post-264980","1":"post","2":"type-post","3":"status-publish","4":"format-standard","5":"has-post-thumbnail","7":"category-aktualitet","8":"category-lajme","9":"category-vendi"},"_links":{"self":[{"href":"https:\/\/zjarr.tv\/en\/wp-json\/wp\/v2\/posts\/264980","targetHints":{"allow":["GET"]}}],"collection":[{"href":"https:\/\/zjarr.tv\/en\/wp-json\/wp\/v2\/posts"}],"about":[{"href":"https:\/\/zjarr.tv\/en\/wp-json\/wp\/v2\/types\/post"}],"author":[{"embeddable":true,"href":"https:\/\/zjarr.tv\/en\/wp-json\/wp\/v2\/users\/2031"}],"replies":[{"embeddable":true,"href":"https:\/\/zjarr.tv\/en\/wp-json\/wp\/v2\/comments?post=264980"}],"version-history":[{"count":0,"href":"https:\/\/zjarr.tv\/en\/wp-json\/wp\/v2\/posts\/264980\/revisions"}],"wp:featuredmedia":[{"embeddable":true,"href":"https:\/\/zjarr.tv\/en\/wp-json\/wp\/v2\/media\/264983"}],"wp:attachment":[{"href":"https:\/\/zjarr.tv\/en\/wp-json\/wp\/v2\/media?parent=264980"}],"wp:term":[{"taxonomy":"category","embeddable":true,"href":"https:\/\/zjarr.tv\/en\/wp-json\/wp\/v2\/categories?post=264980"},{"taxonomy":"post_tag","embeddable":true,"href":"https:\/\/zjarr.tv\/en\/wp-json\/wp\/v2\/tags?post=264980"}],"curies":[{"name":"wp","href":"https:\/\/api.w.org\/{rel}","templated":true}]}}