{"id":264986,"date":"2022-06-17T17:53:21","date_gmt":"2022-06-17T15:53:21","guid":{"rendered":"https:\/\/zjarr.tv\/?p=264986"},"modified":"2022-06-17T17:53:21","modified_gmt":"2022-06-17T15:53:21","slug":"mundesia-e-fundit-per-te-patur-deputet-shqiptar-ne-kuvendin-serb-shaip-kamberi-kandidon-per-here-te-katert-ne-ternoc","status":"publish","type":"post","link":"https:\/\/zjarr.tv\/en\/mundesia-e-fundit-per-te-patur-deputet-shqiptar-ne-kuvendin-serb-shaip-kamberi-kandidon-per-here-te-katert-ne-ternoc\/","title":{"rendered":"Mund\u00ebsia e fundit p\u00ebr t\u00eb patur deputet shqiptar n\u00eb kuvendin serb, Shaip Kamberi kandidon p\u00ebr her\u00eb t\u00eb kat\u00ebrt n\u00eb T\u00ebrnoc"},"content":{"rendered":"<p>Zgjedhjet n\u00eb T\u00ebrnoc do t\u00eb mbahen p\u00ebr her\u00eb t\u00eb kat\u00ebrt dhe kjo do t\u00eb jet\u00eb nj\u00eb tjet\u00ebr mund\u00ebsi p\u00ebr Shaip Kamberin q\u00eb t\u00eb futet n\u00eb Kuvendin e Serbis\u00eb. <\/p>\n<p>Lajmin se Gjykata e ka aprovuar ankes\u00ebn e Kamberit p\u00ebr rivotim n\u00eb T\u00ebrnoc, e ka konfirmuar vet\u00eb ai n\u00eb nj\u00eb p\u00ebrgjigje p\u00ebr Gazet\u00ebn Express.<\/p>\n<p>\u201cPo, sot \u00ebsht\u00eb aprovuar ankesa jon\u00eb p\u00ebr rivotim n\u00eb T\u00ebrnoc\u201d, ka th\u00ebn\u00eb Kamberi.<\/p>\n<p>Politikani shqiptar i Lugin\u00ebs s\u00eb Preshev\u00ebs, Shaip Kamberi, kishte arritur t\u00eb siguronte votat e mjaftueshme p\u00ebr tu rizgjedhur deputet n\u00eb Parlamentin e Serbis\u00eb. Mediat lokale shkruan se nga 650 vota q\u00eb i mungonin p\u00ebr t\u00eb kaluar pragun e nevojsh\u00ebm zgjedhor, Kamberi arriti t\u00eb mbledh\u00eb 686 vota n\u00eb qendr\u00ebn e vendvotimit nr. 6 n\u00eb Bujanoc ku ishin rip\u00ebrs\u00ebtirur zgjedhjet p\u00ebr shkak t\u00eb parregull\u00ebsive n\u00eb raundin e par\u00eb.<\/p>\n<p>N\u00eb seanc\u00ebn e mbajtur m\u00eb 9 maj 2022, Komisioni Republikan i Zgjedhjeve vendosi p\u00ebr kund\u00ebrshtimin e Koalicionit: Partia Socialiste e Serbis\u00eb, Serbia e Bashkuar dhe \u201cT\u00eb Gjelbrit e Serbis\u00eb\u201d kund\u00ebr Vendimit t\u00eb Komisionit Komunal t\u00eb Zgjedhjeve t\u00eb Komun\u00ebs s\u00eb Bujanocit. Komisioni e miratoi k\u00ebt\u00eb ankes\u00eb dhe e anuloi vendimin e KKZ-s\u00eb s\u00eb Bujanocit, duke caktuar nj\u00eb dat\u00eb t\u00eb re p\u00ebr zgjedhje. Si pasoj\u00eb, Kamberi nuk e mori dot mandatin e fituar.<\/p>","protected":false},"excerpt":{"rendered":"<p>Zgjedhjet n\u00eb T\u00ebrnoc do t\u00eb mbahen p\u00ebr her\u00eb t\u00eb kat\u00ebrt dhe kjo do t\u00eb jet\u00eb nj\u00eb tjet\u00ebr mund\u00ebsi p\u00ebr Shaip Kamberin q\u00eb t\u00eb futet n\u00eb Kuvendin e Serbis\u00eb. Lajmin se Gjykata e ka aprovuar ankes\u00ebn e Kamberit p\u00ebr rivotim n\u00eb T\u00ebrnoc, e ka konfirmuar vet\u00eb ai n\u00eb nj\u00eb p\u00ebrgjigje p\u00ebr Gazet\u00ebn Express. \u201cPo, sot \u00ebsht\u00eb [&hellip;]<\/p>\n","protected":false},"author":2031,"featured_media":264987,"comment_status":"closed","ping_status":"closed","sticky":false,"template":"","format":"standard","meta":{"footnotes":""},"categories":[241,231,235],"tags":[],"class_list":{"0":"post-264986","1":"post","2":"type-post","3":"status-publish","4":"format-standard","5":"has-post-thumbnail","7":"category-aktualitet","8":"category-lajme","9":"category-vendi"},"_links":{"self":[{"href":"https:\/\/zjarr.tv\/en\/wp-json\/wp\/v2\/posts\/264986","targetHints":{"allow":["GET"]}}],"collection":[{"href":"https:\/\/zjarr.tv\/en\/wp-json\/wp\/v2\/posts"}],"about":[{"href":"https:\/\/zjarr.tv\/en\/wp-json\/wp\/v2\/types\/post"}],"author":[{"embeddable":true,"href":"https:\/\/zjarr.tv\/en\/wp-json\/wp\/v2\/users\/2031"}],"replies":[{"embeddable":true,"href":"https:\/\/zjarr.tv\/en\/wp-json\/wp\/v2\/comments?post=264986"}],"version-history":[{"count":0,"href":"https:\/\/zjarr.tv\/en\/wp-json\/wp\/v2\/posts\/264986\/revisions"}],"wp:featuredmedia":[{"embeddable":true,"href":"https:\/\/zjarr.tv\/en\/wp-json\/wp\/v2\/media\/264987"}],"wp:attachment":[{"href":"https:\/\/zjarr.tv\/en\/wp-json\/wp\/v2\/media?parent=264986"}],"wp:term":[{"taxonomy":"category","embeddable":true,"href":"https:\/\/zjarr.tv\/en\/wp-json\/wp\/v2\/categories?post=264986"},{"taxonomy":"post_tag","embeddable":true,"href":"https:\/\/zjarr.tv\/en\/wp-json\/wp\/v2\/tags?post=264986"}],"curies":[{"name":"wp","href":"https:\/\/api.w.org\/{rel}","templated":true}]}}