{"id":264999,"date":"2022-06-17T18:45:58","date_gmt":"2022-06-17T16:45:58","guid":{"rendered":"https:\/\/zjarr.tv\/?p=264999"},"modified":"2022-06-17T18:45:58","modified_gmt":"2022-06-17T16:45:58","slug":"kryeministrja-serbe-e-mohon-nuk-ka-ndodhur-asnje-genocid-ne-kosove-ska-asnje-rast-qe-lidhet-me-kete","status":"publish","type":"post","link":"https:\/\/zjarr.tv\/en\/kryeministrja-serbe-e-mohon-nuk-ka-ndodhur-asnje-genocid-ne-kosove-ska-asnje-rast-qe-lidhet-me-kete\/","title":{"rendered":"Kryeministrja serbe e MOHON: Nuk ka ndodhur asnj\u00eb genocid n\u00eb Kosov\u00eb, s\u2019ka asnj\u00eb rast q\u00eb lidhet me k\u00ebt\u00eb"},"content":{"rendered":"<p>Kryeministrja e Serbis\u00eb, Ana Brnabi\u00e7, ka deklaruar se n\u00eb Kosov\u00eb nuk ka ndodhur genocid gjat\u00eb periudh\u00ebs s\u00eb luft\u00ebs n\u00eb vitin 1999.<\/p>\n<p>E pyetur nga gazetar\u00ebt p\u00ebr shifrat dhe jet\u00ebt e humbura e t\u00eb dhunuarve gjat\u00eb luft\u00ebs, B\u00ebrnabi\u00e7 \u00ebsht\u00eb shprehur se numrat q\u00eb p\u00ebrmenden vazhdimisht nuk ekzistojn\u00eb, sepse sipas saj, krimet nuk kan\u00eb ndodhur.<\/p>\n<p>K\u00ebto deklarta kryeministrja serbe i ka b\u00ebr\u00eb teksa mori pjes\u00eb n\u00eb Forumin e Presp\u00ebs n\u00eb Oh\u00ebr.<\/p>\n<p>\u201cN\u00eb Kosov\u00eb dhe Metohi nuk ka ndodhur gjenocid. Nuk ka asnj\u00eb d\u00ebnim apo rast q\u00eb lidhet me k\u00ebt\u00eb gj\u00eb. Territori i Kosov\u00ebs dhe Metohis\u00eb deri sot \u00ebsht\u00eb nj\u00eb prej territoreve post konflikti me m\u00eb s\u00eb paku persona t\u00eb kthyer nga gjith\u00eb zonat e pas luft\u00ebs n\u00eb bot\u00eb. N\u00eb vitin 2014 kishte nj\u00eb masak\u00ebr. U rr\u00ebnuan kisha e manastire, u vran\u00eb 8 serb\u00eb dhe jan\u00eb d\u00ebbuar thuajse gjith\u00eb serb\u00ebt nga territori i jugut t\u00eb Ibrit, \u00ebsht\u00eb b\u00ebr\u00eb pastrim etnik i qyteteve. Prishtina, Gjilani, Gjakova dhe t\u00eb tjer\u00eb\u201d, tha Brnabi\u00e7.<\/p>","protected":false},"excerpt":{"rendered":"<p>Kryeministrja e Serbis\u00eb, Ana Brnabi\u00e7, ka deklaruar se n\u00eb Kosov\u00eb nuk ka ndodhur genocid gjat\u00eb periudh\u00ebs s\u00eb luft\u00ebs n\u00eb vitin 1999. E pyetur nga gazetar\u00ebt p\u00ebr shifrat dhe jet\u00ebt e humbura e t\u00eb dhunuarve gjat\u00eb luft\u00ebs, B\u00ebrnabi\u00e7 \u00ebsht\u00eb shprehur se numrat q\u00eb p\u00ebrmenden vazhdimisht nuk ekzistojn\u00eb, sepse sipas saj, krimet nuk kan\u00eb ndodhur. K\u00ebto deklarta [&hellip;]<\/p>\n","protected":false},"author":2031,"featured_media":265000,"comment_status":"closed","ping_status":"closed","sticky":false,"template":"","format":"standard","meta":{"footnotes":""},"categories":[241,231,235],"tags":[],"class_list":{"0":"post-264999","1":"post","2":"type-post","3":"status-publish","4":"format-standard","5":"has-post-thumbnail","7":"category-aktualitet","8":"category-lajme","9":"category-vendi"},"_links":{"self":[{"href":"https:\/\/zjarr.tv\/en\/wp-json\/wp\/v2\/posts\/264999","targetHints":{"allow":["GET"]}}],"collection":[{"href":"https:\/\/zjarr.tv\/en\/wp-json\/wp\/v2\/posts"}],"about":[{"href":"https:\/\/zjarr.tv\/en\/wp-json\/wp\/v2\/types\/post"}],"author":[{"embeddable":true,"href":"https:\/\/zjarr.tv\/en\/wp-json\/wp\/v2\/users\/2031"}],"replies":[{"embeddable":true,"href":"https:\/\/zjarr.tv\/en\/wp-json\/wp\/v2\/comments?post=264999"}],"version-history":[{"count":0,"href":"https:\/\/zjarr.tv\/en\/wp-json\/wp\/v2\/posts\/264999\/revisions"}],"wp:featuredmedia":[{"embeddable":true,"href":"https:\/\/zjarr.tv\/en\/wp-json\/wp\/v2\/media\/265000"}],"wp:attachment":[{"href":"https:\/\/zjarr.tv\/en\/wp-json\/wp\/v2\/media?parent=264999"}],"wp:term":[{"taxonomy":"category","embeddable":true,"href":"https:\/\/zjarr.tv\/en\/wp-json\/wp\/v2\/categories?post=264999"},{"taxonomy":"post_tag","embeddable":true,"href":"https:\/\/zjarr.tv\/en\/wp-json\/wp\/v2\/tags?post=264999"}],"curies":[{"name":"wp","href":"https:\/\/api.w.org\/{rel}","templated":true}]}}