{"id":265003,"date":"2022-06-17T18:49:10","date_gmt":"2022-06-17T16:49:10","guid":{"rendered":"https:\/\/zjarr.tv\/?p=265003"},"modified":"2022-06-17T18:49:10","modified_gmt":"2022-06-17T16:49:10","slug":"bashkite-30-dite-kohe-per-te-shpetuar-nga-rama-do-te-merren-nen-administrim-nga-qeveria","status":"publish","type":"post","link":"https:\/\/zjarr.tv\/en\/bashkite-30-dite-kohe-per-te-shpetuar-nga-rama-do-te-merren-nen-administrim-nga-qeveria\/","title":{"rendered":"Bashkit\u00eb 30 dit\u00eb koh\u00eb p\u00ebr t\u00eb \u201cshp\u00ebtuar\u201d nga Rama: Do t\u00eb merren n\u00ebn administrim nga qeveria"},"content":{"rendered":"<p>12 bashki t\u00eb majta n\u00eb vend kan\u00eb probleme t\u00eb m\u00ebdha financiare, por alarmi \u00ebsht\u00eb ndezur n\u00eb bashkin\u00eb e Vor\u00ebs dhe Kavaj\u00ebs.<\/p>\n<p>Jo vet\u00ebm q\u00eb nuk kan\u00eb t\u00eb ardhura t\u00eb pavarura, por detyrimet e prapambetura rrezikojn\u00eb t\u00eb falimentojn\u00eb k\u00ebto dy nj\u00ebsi vendore, e para Vor\u00ebn e cila detyrimet e prapambetura ndaj shpenzimeve kan\u00eb kapura shifr\u00ebn e 90.54 % , nd\u00ebrsa n\u00eb Kavaj\u00eb kriza rritet me tej pasi detyrimet kan\u00eb shkuar n\u00eb 91.23%.<\/p>\n<p>N\u00eb v\u00ebshtir\u00ebsi financiare mbeten edhe Belshi, Mal\u00ebsia e Madhe, C\u00ebrriku, Poli\u00e7ani, Roskoveci, Dimali, Pogradeci, Delvina, Lezha dhe Rrogozhina.<\/p>\n<p>Qeveria e Edi Ram\u00ebs u ka l\u00ebn\u00eb afat k\u00ebtyre bashkive edhe nj\u00eb muaj q\u00eb t\u00eb dor\u00ebzojn\u00eb planin e tyre t\u00eb shp\u00ebtimit.<\/p>\n<p>\u201cDo t\u00eb duhet q\u00eb brenda 15 korrikut t\u00eb dor\u00ebzojn\u00eb nj\u00eb plan t\u00eb p\u00ebrmir\u00ebsimit t\u00eb tyre dhe t\u00eb jet\u00eb i miratuar nga k\u00ebshillat bashkiak\u00eb.\u201d<\/p>\n<p>N\u00eb rast se drejtuesit e bashkive t\u00eb rrezikuara nuk arrijn\u00eb t\u00eb dalin nga kriza financiare, at\u00ebher\u00eb qeveria e majt\u00eb e Ram\u00ebs do t\u00eb vendos\u00eb nj\u00eb tjet\u00ebr precedent\u00eb n\u00eb historin\u00eb e pluralizmi, \u201csekuestrimin\u201d e bashkive.<\/p>\n<p>K\u00ebto raporte negative do t\u00eb p\u00ebrdoren edhe nga socialist\u00ebt n\u00eb k\u00ebrkesat e tyre p\u00ebr reform\u00ebn territoriale, p\u00ebr t\u00eb ulur numrin e bashkive me argumentin e falimentit financiar t\u00eb tyre.<\/p>","protected":false},"excerpt":{"rendered":"<p>12 bashki t\u00eb majta n\u00eb vend kan\u00eb probleme t\u00eb m\u00ebdha financiare, por alarmi \u00ebsht\u00eb ndezur n\u00eb bashkin\u00eb e Vor\u00ebs dhe Kavaj\u00ebs. Jo vet\u00ebm q\u00eb nuk kan\u00eb t\u00eb ardhura t\u00eb pavarura, por detyrimet e prapambetura rrezikojn\u00eb t\u00eb falimentojn\u00eb k\u00ebto dy nj\u00ebsi vendore, e para Vor\u00ebn e cila detyrimet e prapambetura ndaj shpenzimeve kan\u00eb kapura shifr\u00ebn e [&hellip;]<\/p>\n","protected":false},"author":2031,"featured_media":265004,"comment_status":"closed","ping_status":"closed","sticky":false,"template":"","format":"standard","meta":{"footnotes":""},"categories":[241,231,235],"tags":[],"class_list":{"0":"post-265003","1":"post","2":"type-post","3":"status-publish","4":"format-standard","5":"has-post-thumbnail","7":"category-aktualitet","8":"category-lajme","9":"category-vendi"},"_links":{"self":[{"href":"https:\/\/zjarr.tv\/en\/wp-json\/wp\/v2\/posts\/265003","targetHints":{"allow":["GET"]}}],"collection":[{"href":"https:\/\/zjarr.tv\/en\/wp-json\/wp\/v2\/posts"}],"about":[{"href":"https:\/\/zjarr.tv\/en\/wp-json\/wp\/v2\/types\/post"}],"author":[{"embeddable":true,"href":"https:\/\/zjarr.tv\/en\/wp-json\/wp\/v2\/users\/2031"}],"replies":[{"embeddable":true,"href":"https:\/\/zjarr.tv\/en\/wp-json\/wp\/v2\/comments?post=265003"}],"version-history":[{"count":0,"href":"https:\/\/zjarr.tv\/en\/wp-json\/wp\/v2\/posts\/265003\/revisions"}],"wp:featuredmedia":[{"embeddable":true,"href":"https:\/\/zjarr.tv\/en\/wp-json\/wp\/v2\/media\/265004"}],"wp:attachment":[{"href":"https:\/\/zjarr.tv\/en\/wp-json\/wp\/v2\/media?parent=265003"}],"wp:term":[{"taxonomy":"category","embeddable":true,"href":"https:\/\/zjarr.tv\/en\/wp-json\/wp\/v2\/categories?post=265003"},{"taxonomy":"post_tag","embeddable":true,"href":"https:\/\/zjarr.tv\/en\/wp-json\/wp\/v2\/tags?post=265003"}],"curies":[{"name":"wp","href":"https:\/\/api.w.org\/{rel}","templated":true}]}}