{"id":265016,"date":"2022-06-17T19:21:26","date_gmt":"2022-06-17T17:21:26","guid":{"rendered":"https:\/\/zjarr.tv\/?p=265016"},"modified":"2022-06-17T19:21:26","modified_gmt":"2022-06-17T17:21:26","slug":"evi-kokalari-i-pergjigjet-kellicit-belind-me-dole-ne-shteg-me-ke-derguar-njerez-qe-me-kane-ngacmuar-seksualisht","status":"publish","type":"post","link":"https:\/\/zjarr.tv\/en\/evi-kokalari-i-pergjigjet-kellicit-belind-me-dole-ne-shteg-me-ke-derguar-njerez-qe-me-kane-ngacmuar-seksualisht\/","title":{"rendered":"Evi Kokalari i p\u00ebrgjigjet K\u00eblli\u00e7it: Belind m\u00eb dole n\u00eb shteg! M\u00eb ke d\u00ebrguar njer\u00ebz q\u00eb m\u00eb kan\u00eb \u201cngacmuar seksualisht\u201d"},"content":{"rendered":"<p>Aktivistja Evi Kokalari i p\u00ebrgjigjet deputetit demokrat Belind K\u00eblli\u00e7i, n\u00eb lidhje me padin\u00eb q\u00eb ky i fundit ka b\u00ebr\u00eb sot n\u00eb Gjykat\u00ebn e Tiran\u00ebs dhe k\u00ebrkonte prej saj nj\u00eb d\u00ebmshp\u00ebrblim prej 10 milion\u00eb lek\u00ebsh. Kokalari thot\u00eb se ka prova p\u00ebr manipulimet q\u00eb K\u00eblli\u00e7i ka b\u00ebr\u00eb n\u00eb K\u00ebshillin Komb\u00ebtar t\u00eb PD.<\/p>\n<p>\u201cTashti, personalisht kam firmosur nj\u00eb dokument q\u00eb k\u00ebto informacione q\u00eb kam par\u00eb dhe analizuara, t\u00eb marra nga Komisioni Zgjedhor, nuk mund ti b\u00ebja publike, ndryshe Komisioni apo PD kishte t\u00eb drejt\u00eb t\u00eb m\u00eb hidhte n\u00eb gjyq dhe me t\u00eb drejt\u00eb do fitonin\u201d, shkruan nd\u00ebr t\u00eb tjera Kokalari.<\/p>\n<p>Pra, aktivistja e Foltores s\u00eb Sali Berish\u00ebs pranon se n\u00eb zgjedhjet p\u00ebr K\u00ebshillin Komb\u00ebtar t\u00eb PD-s\u00eb jan\u00eb manipuluar, ama k\u00ebt\u00eb nuk mund ta b\u00ebnte publike sepse ka firmosur nj\u00eb dokument q\u00eb nuk lejon publikimin.<\/p>\n<p>\u201cGjithashtu, Belindi ka derguar nj\u00eb turm\u00eb njer\u00ebzish ndaj meje me sulme nga m\u00eb absurdet, me shpifje dhe akuza deri tek \u2018ngacmimet seksuale\u2019, dhe ndryshe nga une q\u00eb i kam sulmet t\u00eb drejt\u00ebp\u00ebrdrejta, ai fshihet mbas dor\u00ebs s\u00eb njer\u00ebzve q\u00eb i p\u00ebrkasin t\u00eb t\u00eb nj\u00ebjtit llum\u201d, vijon ajo.<\/p>\n<p>Reagimi i plot\u00eb i Evi Kokalarit:<\/p>\n<p>Belind Kellici me doli ne shteg!! E falenderoj Belind Kellicin p\u00ebr padine ndaj meje. N\u00eb fakt, provokimet e mia n\u00eb median sociale kan\u00eb q\u00ebn\u00eb pik\u00ebrisht q\u00eb ai t\u00eb b\u00ebnte padi, sepse ishte e vetmja m\u00ebnyr\u00eb q\u00eb un\u00eb mund t\u00eb paraqis faktet e manipulimeve q\u00eb ai ka b\u00ebr\u00eb n\u00eb K\u00ebshillin Komb\u00ebtar.<\/p>\n<p>Une votat i disponoj dhe Belindi k\u00ebt\u00eb e di si an\u00ebtar i Komisionit Zgjedhor. Dhe luft\u00ebn q\u00eb kam b\u00ebr\u00eb p\u00ebr ti par\u00eb rezultatet, ai e di shum\u00eb mir\u00eb.<\/p>\n<p>Tashti, personalisht kam firmosur nj\u00eb dokument q\u00eb k\u00ebto informacione q\u00eb kam par\u00eb dhe analizuara, t\u00eb marra nga Komisioni Zgjedhor, nuk mund ti b\u00ebja publike, ndryshe Komisioni apo PD kishte t\u00eb drejt\u00eb t\u00eb m\u00eb hidhte n\u00eb gjyq dhe me t\u00eb drejt\u00eb do fitonin.<\/p>\n<p>Ama, kur gjykat\u00ebsi i \u00e7\u00ebshtjen se Belindit kund\u00ebr meje do t\u00eb m\u00eb k\u00ebrkoj faktet, nuk do t\u00eb kem zgjidhje por t\u2019ia jap gjykat\u00ebs p\u00ebr shqyrtim, pra si e till\u00eb, PD apo Komisioni nuk mund t\u00eb m\u00eb hedh n\u00eb gjyq sepse \u00ebsht\u00eb gjykata ajo q\u00eb po m\u00eb detyron ti b\u00ebj disi faktet publike.<\/p>\n<p>Gjithashtu, Belindi ka derguar nj\u00eb turm\u00eb njer\u00ebzish ndaj meje me sulme nga m\u00eb absurdet, me shpifje dhe akuza deri tek \u2018ngacmimet seksuale\u2019, dhe ndryshe nga une q\u00eb i kam sulmet t\u00eb drejt\u00ebp\u00ebrdrejta, ai fshihet mbas dor\u00ebs s\u00eb njer\u00ebzve q\u00eb i p\u00ebrkasin t\u00eb t\u00eb nj\u00ebjtit llum. Pra, pis me balt\u00eb nuk e b\u00ebra un\u00eb \u2013 un\u00eb n\u00eb balt\u00eb e gjeta. Nejse, m\u00eb vjen mir\u00eb q\u00eb m\u00eb dole n\u00eb shteg!!<\/p>","protected":false},"excerpt":{"rendered":"<p>Aktivistja Evi Kokalari i p\u00ebrgjigjet deputetit demokrat Belind K\u00eblli\u00e7i, n\u00eb lidhje me padin\u00eb q\u00eb ky i fundit ka b\u00ebr\u00eb sot n\u00eb Gjykat\u00ebn e Tiran\u00ebs dhe k\u00ebrkonte prej saj nj\u00eb d\u00ebmshp\u00ebrblim prej 10 milion\u00eb lek\u00ebsh. Kokalari thot\u00eb se ka prova p\u00ebr manipulimet q\u00eb K\u00eblli\u00e7i ka b\u00ebr\u00eb n\u00eb K\u00ebshillin Komb\u00ebtar t\u00eb PD. \u201cTashti, personalisht kam firmosur nj\u00eb [&hellip;]<\/p>\n","protected":false},"author":2030,"featured_media":265017,"comment_status":"closed","ping_status":"closed","sticky":false,"template":"","format":"standard","meta":{"footnotes":""},"categories":[241,3366,5380,231,1454],"tags":[],"class_list":{"0":"post-265016","1":"post","2":"type-post","3":"status-publish","4":"format-standard","5":"has-post-thumbnail","7":"category-aktualitet","8":"category-koment","9":"category-kryesore","10":"category-lajme","11":"category-politike"},"_links":{"self":[{"href":"https:\/\/zjarr.tv\/en\/wp-json\/wp\/v2\/posts\/265016","targetHints":{"allow":["GET"]}}],"collection":[{"href":"https:\/\/zjarr.tv\/en\/wp-json\/wp\/v2\/posts"}],"about":[{"href":"https:\/\/zjarr.tv\/en\/wp-json\/wp\/v2\/types\/post"}],"author":[{"embeddable":true,"href":"https:\/\/zjarr.tv\/en\/wp-json\/wp\/v2\/users\/2030"}],"replies":[{"embeddable":true,"href":"https:\/\/zjarr.tv\/en\/wp-json\/wp\/v2\/comments?post=265016"}],"version-history":[{"count":0,"href":"https:\/\/zjarr.tv\/en\/wp-json\/wp\/v2\/posts\/265016\/revisions"}],"wp:featuredmedia":[{"embeddable":true,"href":"https:\/\/zjarr.tv\/en\/wp-json\/wp\/v2\/media\/265017"}],"wp:attachment":[{"href":"https:\/\/zjarr.tv\/en\/wp-json\/wp\/v2\/media?parent=265016"}],"wp:term":[{"taxonomy":"category","embeddable":true,"href":"https:\/\/zjarr.tv\/en\/wp-json\/wp\/v2\/categories?post=265016"},{"taxonomy":"post_tag","embeddable":true,"href":"https:\/\/zjarr.tv\/en\/wp-json\/wp\/v2\/tags?post=265016"}],"curies":[{"name":"wp","href":"https:\/\/api.w.org\/{rel}","templated":true}]}}