{"id":265024,"date":"2022-06-17T19:34:59","date_gmt":"2022-06-17T17:34:59","guid":{"rendered":"https:\/\/zjarr.tv\/?p=265024"},"modified":"2022-06-17T19:34:59","modified_gmt":"2022-06-17T17:34:59","slug":"politikani-i-pare-qe-del-pro-prezences-se-kosoves-ne-open-ballkan-pse-duhet-te-kete-frike-nese-rama-eshte-ne-takim-abazovic-po-ashtu","status":"publish","type":"post","link":"https:\/\/zjarr.tv\/en\/politikani-i-pare-qe-del-pro-prezences-se-kosoves-ne-open-ballkan-pse-duhet-te-kete-frike-nese-rama-eshte-ne-takim-abazovic-po-ashtu\/","title":{"rendered":"Politikani i par\u00eb q\u00eb del pro prezenc\u00ebs s\u00eb Kosov\u00ebs n\u00eb \u201cOpen Ballkan\u201d: Pse duhet t\u00eb ket\u00eb frik\u00eb, n\u00ebse Rama \u00ebsht\u00eb n\u00eb takim, Abazovi\u00e7 po ashtu"},"content":{"rendered":"<p>\u201cUn\u00eb mendoj q\u00eb Kosova \u00ebsht\u00eb duke humbur koh\u00eb, pa nevoj\u00eb, pa argument politik apo ekonomik, duke i th\u00ebn\u00eb jo \u2018Open Balkan\u2019! Un\u00eb jam deklaruar pro pjes\u00ebmarrjes n\u00eb \u2018Ballkanin e Hapur\u2019. Ky \u00ebsht\u00eb q\u00ebndrim personal imi si n\u00ebnkryetar i kuvendit t\u00eb Kosov\u00ebs, si deputet i Partis\u00eb Demokratike t\u00eb Kosov\u00ebs. PDK-ja nd\u00ebrkoh\u00eb nuk ka q\u00ebndrim.<\/p>\n<p>Nga viti 2011 deri n\u00eb vitin 2017, un\u00eb kam k\u00ebrkuar q\u00eb Kosova t\u00eb jet\u00eb pjes\u00eb e \u00e7do organizate, nisme rajonale. Dua ta them k\u00ebtu q\u00eb ta din\u00eb qytetar\u00ebt shqiptar\u00eb kudo q\u00eb jetojn\u00eb. N\u00eb vitin 2020, Kosova ka n\u00ebnshkruar nj\u00eb marr\u00ebveshje n\u00eb Washington me Donald Trump president. E dini q\u00eb n\u00eb paragrafin e pest\u00eb apo t\u00eb gjasht\u00eb t\u00eb k\u00ebsaj marr\u00ebveshjeje, shkruan q\u00eb Kosova zotohet q\u00eb t\u2019i bashkohet minishengenit t\u00eb themeluar n\u00eb tetor t\u00eb 2019? Do t\u00eb thot\u00eb q\u00eb formalisht, Kosova \u00ebsht\u00eb pjes\u00eb e k\u00ebsaj marr\u00ebveshjeje. E ka n\u00ebnshkruar Avdullah Hoti\u201d.<\/p>\n<p>Ish-ministri i pun\u00ebve t\u00eb jashtme t\u00eb Kosov\u00ebs, n\u00eb intervist\u00ebn p\u00ebr emisionin \u201cTop Talk\u201d, shprehet se nuk sheh ndonj\u00eb k\u00ebrc\u00ebnim real n\u00eb lidhje me eksportet serbe n\u00eb Kosov\u00eb.<\/p>\n<p>\u201cUn\u00eb e shoh faktorin shqiptar n\u00eb Ballkan, si faktorin Gjerman n\u00eb Europ\u00eb. Pse duhet t\u00eb ket\u00eb frik\u00eb, n\u00ebse Rama \u00ebsht\u00eb n\u00eb taki, Abazovi\u00e7 po ashtu. Mendoj q\u00eb \u00ebsht\u00eb politik\u00eb e brendshme n\u00eb Kosov\u00eb, nd\u00ebrkoh\u00eb q\u00eb \u2018Ballkani i Hapur\u2019 duhet marr\u00eb seriozisht\u201d, thot\u00eb ai.<\/p>","protected":false},"excerpt":{"rendered":"<p>\u201cUn\u00eb mendoj q\u00eb Kosova \u00ebsht\u00eb duke humbur koh\u00eb, pa nevoj\u00eb, pa argument politik apo ekonomik, duke i th\u00ebn\u00eb jo \u2018Open Balkan\u2019! Un\u00eb jam deklaruar pro pjes\u00ebmarrjes n\u00eb \u2018Ballkanin e Hapur\u2019. Ky \u00ebsht\u00eb q\u00ebndrim personal imi si n\u00ebnkryetar i kuvendit t\u00eb Kosov\u00ebs, si deputet i Partis\u00eb Demokratike t\u00eb Kosov\u00ebs. PDK-ja nd\u00ebrkoh\u00eb nuk ka q\u00ebndrim. Nga viti [&hellip;]<\/p>\n","protected":false},"author":2030,"featured_media":265025,"comment_status":"closed","ping_status":"closed","sticky":false,"template":"","format":"standard","meta":{"footnotes":""},"categories":[241,3366,5380,231],"tags":[],"class_list":{"0":"post-265024","1":"post","2":"type-post","3":"status-publish","4":"format-standard","5":"has-post-thumbnail","7":"category-aktualitet","8":"category-koment","9":"category-kryesore","10":"category-lajme"},"_links":{"self":[{"href":"https:\/\/zjarr.tv\/en\/wp-json\/wp\/v2\/posts\/265024","targetHints":{"allow":["GET"]}}],"collection":[{"href":"https:\/\/zjarr.tv\/en\/wp-json\/wp\/v2\/posts"}],"about":[{"href":"https:\/\/zjarr.tv\/en\/wp-json\/wp\/v2\/types\/post"}],"author":[{"embeddable":true,"href":"https:\/\/zjarr.tv\/en\/wp-json\/wp\/v2\/users\/2030"}],"replies":[{"embeddable":true,"href":"https:\/\/zjarr.tv\/en\/wp-json\/wp\/v2\/comments?post=265024"}],"version-history":[{"count":0,"href":"https:\/\/zjarr.tv\/en\/wp-json\/wp\/v2\/posts\/265024\/revisions"}],"wp:featuredmedia":[{"embeddable":true,"href":"https:\/\/zjarr.tv\/en\/wp-json\/wp\/v2\/media\/265025"}],"wp:attachment":[{"href":"https:\/\/zjarr.tv\/en\/wp-json\/wp\/v2\/media?parent=265024"}],"wp:term":[{"taxonomy":"category","embeddable":true,"href":"https:\/\/zjarr.tv\/en\/wp-json\/wp\/v2\/categories?post=265024"},{"taxonomy":"post_tag","embeddable":true,"href":"https:\/\/zjarr.tv\/en\/wp-json\/wp\/v2\/tags?post=265024"}],"curies":[{"name":"wp","href":"https:\/\/api.w.org\/{rel}","templated":true}]}}