{"id":265028,"date":"2022-06-17T19:37:42","date_gmt":"2022-06-17T17:37:42","guid":{"rendered":"https:\/\/zjarr.tv\/?p=265028"},"modified":"2022-06-17T19:37:42","modified_gmt":"2022-06-17T17:37:42","slug":"djali-i-cucit-ne-hetimet-italiane-gazetari-jep-detaje-shkoi-te-takonte-gjyshen-vdiq-ne-spital-dhe-e-sollen-ne-shqiperi","status":"publish","type":"post","link":"https:\/\/zjarr.tv\/en\/djali-i-cucit-ne-hetimet-italiane-gazetari-jep-detaje-shkoi-te-takonte-gjyshen-vdiq-ne-spital-dhe-e-sollen-ne-shqiperi\/","title":{"rendered":"Djali i \u00c7u\u00e7it n\u00eb hetimet italiane, gazetari jep detaje: Shkoi t\u00eb takonte gjyshen, vdiq n\u00eb spital dhe e soll\u00ebn n\u00eb Shqip\u00ebri!"},"content":{"rendered":"<p>Gazetari dhe botuesi Mero Baze, zbulon detaje nga dalja e emrit t\u00eb djalit t\u00eb ministrit t\u00eb Brendsh\u00ebm Bledi \u00c7u\u00e7i, n\u00eb dokumentet e Gjykat\u00ebs s\u00eb Milanos. Ai thot\u00eb se djali i ministrit ka shkaur n\u00eb vendin fiqnj p\u00ebr t\u00eb takuar gjyshen e s\u00ebmur\u00eb r\u00ebnd\u00eb, e cila m\u00eb pas dhe ka nd\u00ebrruar jet\u00eb.<\/p>\n<p>Duke qen\u00eb se ishte periudha e covid dhe udh\u00ebtimet ishin t\u00eb bllokuara, djali i ministrit ka marr\u00eb nj\u00eb autorizim nga mjeku italian n\u00eb m\u00ebnyr\u00eb q\u00eb t\u00eb udh\u00ebtonte. \u201cKa shkuar t\u00eb takoj\u00eb dy her\u00eb gjyshen e s\u00ebmur\u00eb, nj\u00eb her\u00eb kur ishte r\u00ebnd\u00eb dhe nj\u00eb her\u00eb p\u00ebr ta marr\u00eb t\u00eb vdekur, bashk\u00eb me n\u00ebn\u00ebn e tij\u201d, shkruan Baze.<\/p>\n<p>M\u00eb tej, ai tregon se n\u00eb t\u00eb dyja rastet Endi \u00c7u\u00e7i p\u00ebr shkak t\u00eb Covid duhej t\u00eb kishte nj\u00eb konfirmim nga pala italiane, dhe e ka marr\u00eb.<\/p>\n<p>\u201cMjeku italian q\u00eb e ka dh\u00ebn\u00eb ka qen\u00eb objekt p\u00ebrgjimi, por n\u00eb k\u00ebt\u00eb rast nuk ka b\u00ebr\u00eb ndonj\u00eb gabim. As ka marr\u00eb para p\u00ebr v\u00ebrtetimin, as ka g\u00ebnjyer. Kaq \u00ebsht\u00eb e gjith\u00eb historia. N\u00ebse do sillej si djali i ministrit t\u00eb Brendsh\u00ebm, mund t\u00eb kalonte n\u00eb Rinas dhe pa at\u00eb let\u00ebr, por e ka k\u00ebrkuar, se ka dashur t\u00eb udh\u00ebtonte si qytetar i rregullt\u201d, vijon gazetari.<\/p>\n<p>\u201cRasti djalit t\u00eb Bledi \u00c7ucit, n\u00eb t\u00eb v\u00ebrtet\u00eb jo vet\u00ebm q\u00eb nuk \u00ebsht\u00eb rast korruptiv, por p\u00ebrkundrazi \u00ebsht\u00eb rast q\u00eb d\u00ebshmon se si nj\u00eb djal\u00eb ministri q\u00eb shkon t\u00eb takoj\u00eb gjyshen e s\u00ebmur\u00eb p\u00ebr vdekje n\u00eb Itali, p\u00ebrpiqet t\u00eb jet\u00eb n\u00eb rregull me letrat formale kufitare q\u00eb duheshin gjat\u00eb mbylljes s\u00eb Covid.<\/p>\n<p>Po t\u00eb ishte djali i Sali Berish\u00ebs n\u00eb pushtet do kishte ikur me \u00e7arter, pa kaluar fare nga kontrolli kufitar, si\u00e7 kalonte kur ishte n\u00eb pushtet.<\/p>\n<p>N\u00ebse spitali italian q\u00eb l\u00ebshonte v\u00ebrtetimet ka qen\u00eb n\u00ebn hetime dhe p\u00ebrgjime, ky nuk \u00ebsht\u00eb problem i njer\u00ebzve n\u00eb nevoj\u00eb q\u00eb kan\u00eb kontaktuar spitalin. Si\u00e7 e provon dhe hetimi, ata as kan\u00eb paguar dhe as kan\u00eb mashtruar p\u00ebr rastin. Gjyshja e djalit ka vdekur n\u00eb spital dhe \u00ebsht\u00eb sjellur n\u00eb Shqip\u00ebri. Kaq ka ndodhur.<\/p>\n<p>Kujdesi i Sali Berish\u00ebs p\u00ebr t\u00eb treguar q\u00eb familja e Bledi \u00c7u\u00e7it \u00ebsht\u00eb e ndar\u00eb, pasi djali \u00ebsht\u00eb me martes\u00ebn e par\u00eb, tregon po ashtu makthet e nj\u00ebjta q\u00eb ka n\u00eb familje. Por nuk \u00ebsht\u00eb krim q\u00eb djali jeton n\u00eb nj\u00eb familje t\u00eb ndar\u00eb me n\u00ebn\u00ebn e tij. M\u00eb krim do ishte nj\u00eb familje e bashkuar si kjo e Sali Berish\u00ebs, n\u00ebn di\u00e7itur\u00ebn \u201cnon grata\u201d p\u00ebr korrupsion madhor bashk\u00eb me familjar\u00ebt\u201d. At\u00eb fat mos e past\u00eb kush. Familjarisht si hajdut\u00eb\u201d, shkruan gazetari Mero Baze.<\/p>","protected":false},"excerpt":{"rendered":"<p>Gazetari dhe botuesi Mero Baze, zbulon detaje nga dalja e emrit t\u00eb djalit t\u00eb ministrit t\u00eb Brendsh\u00ebm Bledi \u00c7u\u00e7i, n\u00eb dokumentet e Gjykat\u00ebs s\u00eb Milanos. Ai thot\u00eb se djali i ministrit ka shkaur n\u00eb vendin fiqnj p\u00ebr t\u00eb takuar gjyshen e s\u00ebmur\u00eb r\u00ebnd\u00eb, e cila m\u00eb pas dhe ka nd\u00ebrruar jet\u00eb. Duke qen\u00eb se ishte [&hellip;]<\/p>\n","protected":false},"author":2030,"featured_media":265030,"comment_status":"closed","ping_status":"closed","sticky":false,"template":"","format":"standard","meta":{"footnotes":""},"categories":[241,3366,5380,231,1454],"tags":[],"class_list":{"0":"post-265028","1":"post","2":"type-post","3":"status-publish","4":"format-standard","5":"has-post-thumbnail","7":"category-aktualitet","8":"category-koment","9":"category-kryesore","10":"category-lajme","11":"category-politike"},"_links":{"self":[{"href":"https:\/\/zjarr.tv\/en\/wp-json\/wp\/v2\/posts\/265028","targetHints":{"allow":["GET"]}}],"collection":[{"href":"https:\/\/zjarr.tv\/en\/wp-json\/wp\/v2\/posts"}],"about":[{"href":"https:\/\/zjarr.tv\/en\/wp-json\/wp\/v2\/types\/post"}],"author":[{"embeddable":true,"href":"https:\/\/zjarr.tv\/en\/wp-json\/wp\/v2\/users\/2030"}],"replies":[{"embeddable":true,"href":"https:\/\/zjarr.tv\/en\/wp-json\/wp\/v2\/comments?post=265028"}],"version-history":[{"count":0,"href":"https:\/\/zjarr.tv\/en\/wp-json\/wp\/v2\/posts\/265028\/revisions"}],"wp:featuredmedia":[{"embeddable":true,"href":"https:\/\/zjarr.tv\/en\/wp-json\/wp\/v2\/media\/265030"}],"wp:attachment":[{"href":"https:\/\/zjarr.tv\/en\/wp-json\/wp\/v2\/media?parent=265028"}],"wp:term":[{"taxonomy":"category","embeddable":true,"href":"https:\/\/zjarr.tv\/en\/wp-json\/wp\/v2\/categories?post=265028"},{"taxonomy":"post_tag","embeddable":true,"href":"https:\/\/zjarr.tv\/en\/wp-json\/wp\/v2\/tags?post=265028"}],"curies":[{"name":"wp","href":"https:\/\/api.w.org\/{rel}","templated":true}]}}