{"id":265033,"date":"2022-06-17T19:39:53","date_gmt":"2022-06-17T17:39:53","guid":{"rendered":"https:\/\/zjarr.tv\/?p=265033"},"modified":"2022-06-17T19:39:53","modified_gmt":"2022-06-17T17:39:53","slug":"ajo-qe-na-bashkon-eshte-beteja-me-qeverine-salianji-kreu-i-pd-duhet-te-kaperceje-vetveten-per-ti-dhene-opozites-nje-mundesi-ja-kush-eshte-deshtimi-me-i-madh-i-berishes","status":"publish","type":"post","link":"https:\/\/zjarr.tv\/en\/ajo-qe-na-bashkon-eshte-beteja-me-qeverine-salianji-kreu-i-pd-duhet-te-kaperceje-vetveten-per-ti-dhene-opozites-nje-mundesi-ja-kush-eshte-deshtimi-me-i-madh-i-berishes\/","title":{"rendered":"\u201cAjo q\u00eb na bashkon \u00ebsht\u00eb beteja me qeverin\u00eb\u201d, Salianji: Kreu i PD duhet t\u00eb kap\u00ebrcej\u00eb vetveten p\u00ebr t\u2019i dh\u00ebn\u00eb opozit\u00ebs nj\u00eb mund\u00ebsi, ja kush \u00ebsht\u00eb d\u00ebshtimi m\u00eb i madh i Berish\u00ebs"},"content":{"rendered":"<p>Deputeti i Partis\u00eb Demokratike, Ervin Salianji ka komentuar dit\u00ebn e sotme n\u00eb nj\u00eb emision televiziv, interpelanc\u00ebn me ministrin e Brendsh\u00ebm, Bledar \u00c7u\u00e7i. Salianji tha se pik\u00ebpyetjet e tij dhe t\u00eb opozit\u00ebs nuk mor\u00ebn nj\u00eb p\u00ebrgjigje p\u00ebr d\u00ebshtimin e Operacionit Forca e Ligjit apo Vettingun n\u00eb Polici. Ai e akuzoi \u00c7u\u00e7in p\u00ebr neglizhenc\u00eb p\u00ebrball\u00eb problematikave q\u00eb has policia dhe sigurin\u00eb.<\/p>\n<p>\u201cMinistri aktual i Pun\u00ebve t\u00eb Brendshme ka luajtur nj\u00eb rol m\u00eb pak protagonist duke e p\u00ebrdorur k\u00ebt\u00eb si taktik\u00eb p\u00ebr t\u00eb mos u sulmuar. Ajo q\u00eb un\u00eb e ktheva dje n\u00eb interpelanc\u00eb kan\u00eb qen\u00eb temat e nxehta si OFL dhe Vettingu i Policis\u00eb, dy nisma q\u00eb kan\u00eb d\u00ebshtuar. Nisma k\u00ebto q\u00eb jan\u00eb reklamuar shum\u00eb fort nga vet\u00eb Qeveria, apo sipas Ram\u00ebs q\u00eb shprehej se OFL do t\u2019i b\u00ebhej ferr kriminel\u00ebve. I vetmi evoluim q\u00eb ka ky minist\u00ebr n\u00eb raport me t\u00eb tjer\u00ebt \u00ebsht\u00eb q\u00eb i merr problemet me qet\u00ebsi, nuk \u00ebsht\u00eb se shqet\u00ebsohet shum\u00eb. Un\u00eb prisja t\u00eb kishte nj\u00eb qasje t\u00eb ndryshme, t\u00eb dal\u00eb dhe t\u00eb thot\u00eb \u00e7far\u00eb ndihme k\u00ebrkon\u201d \u2013 tha Salianji.<\/p>\n<p>Deputeti i PD u ndal edhe tek foto e Ilir Met\u00ebs me Sali Berish\u00ebn n\u00eb Baku t\u00eb Azerbajxhanit. Ai komentoi se bashk\u00ebpunimi mes tyre pas 24 korrikut \u00ebsht\u00eb nj\u00eb realitet q\u00eb nuk mund t\u00eb shmanget. Sipas Salianjit, i ashtuquajturi front opozitar ka si q\u00ebllim par\u00ebsor largimin e Edi Ram\u00ebs nga pushteti.<\/p>\n<p>\u201cAjo q\u00eb na bashkon t\u00eb gjith\u00ebve \u00ebsht\u00eb pa dyshim beteja me qeverin\u00eb. Foto n\u00eb fjal\u00eb \u00ebsht\u00eb shp\u00ebrfaqja publike e nj\u00eb aleance t\u00eb dy njer\u00ebzve q\u00eb edhe jan\u00eb luftuar shum\u00eb, por edhe kan\u00eb bashk\u00ebpunuar shum\u00eb p\u00ebr interesa t\u00eb p\u00ebrbashk\u00ebta si\u00e7 \u00ebsht\u00eb edhe largimi i Edi Ram\u00ebs. E shoh si nj\u00eb realitet q\u00eb pas 24 korrikut do t\u00eb ket\u00eb nj\u00eb bashk\u00ebpunim mes Berish\u00ebs dhe Met\u00ebs dhe nuk e shmangim dot. Mendoj e Berisha do ta kishte shume t\u00eb v\u00ebshtir\u00eb p\u00ebr t\u2019u paraqitur si alternativ\u00eb konkurruese n\u00ebse nuk afron rreth vetes disa figura apo njer\u00ebz t\u00eb terrenit. Fronti opozitar p\u00ebrfshin t\u00eb gjith\u00eb njer\u00ebzit q\u00eb edhe pse mund t\u00eb ken\u00eb p\u00ebrplasje ideologjish, i bashkon lufta me Edi Ram\u00ebn q\u00eb kontrollon sot t\u00eb gjith\u00eb pushtetet. N\u00eb k\u00ebt\u00eb situat\u00eb fronti opozitar \u00ebsht\u00eb i domosdosh\u00ebm, por nga e th\u00ebna n\u00eb t\u00eb b\u00ebr\u00eb do pun\u00eb\u201d \u2013 tha Ervin Salianji.<\/p>\n<p>Ai shtoi se ishte Sali Berisha ai q\u00eb e ka mbajtur Lulzim Bash\u00ebn edhe pas humbjes n\u00eb 25 Prill. Salianji u shpreh se kreu i PD duhet t\u00eb kap\u00ebrcej\u00eb vetveten p\u00ebr t\u2019i dh\u00ebn\u00eb opozit\u00ebs nj\u00eb mund\u00ebsi.<\/p>\n<p>\u201cNj\u00eb nga d\u00ebshtimet m\u00eb t\u00eb m\u00ebdha t\u00eb Sali Berish\u00ebs ishte zoti Basha. Un\u00eb jam i bindur q\u00eb n\u00eb mos i vetmi, ai \u00ebsht\u00eb kryesori p\u00ebr t\u00eb kap\u00ebrcyer veten p\u00ebr t\u2019i dh\u00ebn\u00eb opozitarizmit nj\u00eb pamje tjet\u00ebr\u201d \u2013 tha deputeti demokrat.<\/p>","protected":false},"excerpt":{"rendered":"<p>Deputeti i Partis\u00eb Demokratike, Ervin Salianji ka komentuar dit\u00ebn e sotme n\u00eb nj\u00eb emision televiziv, interpelanc\u00ebn me ministrin e Brendsh\u00ebm, Bledar \u00c7u\u00e7i. Salianji tha se pik\u00ebpyetjet e tij dhe t\u00eb opozit\u00ebs nuk mor\u00ebn nj\u00eb p\u00ebrgjigje p\u00ebr d\u00ebshtimin e Operacionit Forca e Ligjit apo Vettingun n\u00eb Polici. Ai e akuzoi \u00c7u\u00e7in p\u00ebr neglizhenc\u00eb p\u00ebrball\u00eb problematikave q\u00eb [&hellip;]<\/p>\n","protected":false},"author":2030,"featured_media":265034,"comment_status":"closed","ping_status":"closed","sticky":false,"template":"","format":"standard","meta":{"footnotes":""},"categories":[241,3366,5380,231,1454],"tags":[],"class_list":{"0":"post-265033","1":"post","2":"type-post","3":"status-publish","4":"format-standard","5":"has-post-thumbnail","7":"category-aktualitet","8":"category-koment","9":"category-kryesore","10":"category-lajme","11":"category-politike"},"_links":{"self":[{"href":"https:\/\/zjarr.tv\/en\/wp-json\/wp\/v2\/posts\/265033","targetHints":{"allow":["GET"]}}],"collection":[{"href":"https:\/\/zjarr.tv\/en\/wp-json\/wp\/v2\/posts"}],"about":[{"href":"https:\/\/zjarr.tv\/en\/wp-json\/wp\/v2\/types\/post"}],"author":[{"embeddable":true,"href":"https:\/\/zjarr.tv\/en\/wp-json\/wp\/v2\/users\/2030"}],"replies":[{"embeddable":true,"href":"https:\/\/zjarr.tv\/en\/wp-json\/wp\/v2\/comments?post=265033"}],"version-history":[{"count":0,"href":"https:\/\/zjarr.tv\/en\/wp-json\/wp\/v2\/posts\/265033\/revisions"}],"wp:featuredmedia":[{"embeddable":true,"href":"https:\/\/zjarr.tv\/en\/wp-json\/wp\/v2\/media\/265034"}],"wp:attachment":[{"href":"https:\/\/zjarr.tv\/en\/wp-json\/wp\/v2\/media?parent=265033"}],"wp:term":[{"taxonomy":"category","embeddable":true,"href":"https:\/\/zjarr.tv\/en\/wp-json\/wp\/v2\/categories?post=265033"},{"taxonomy":"post_tag","embeddable":true,"href":"https:\/\/zjarr.tv\/en\/wp-json\/wp\/v2\/tags?post=265033"}],"curies":[{"name":"wp","href":"https:\/\/api.w.org\/{rel}","templated":true}]}}