{"id":265047,"date":"2022-06-18T06:38:29","date_gmt":"2022-06-18T04:38:29","guid":{"rendered":"https:\/\/zjarr.tv\/?p=265047"},"modified":"2022-06-18T06:38:29","modified_gmt":"2022-06-18T04:38:29","slug":"analisti-cmimi-i-naftes-ne-shqiperi-do-te-shkoje-ne-5-mije-leke","status":"publish","type":"post","link":"https:\/\/zjarr.tv\/en\/analisti-cmimi-i-naftes-ne-shqiperi-do-te-shkoje-ne-5-mije-leke\/","title":{"rendered":"Analisti: \u00c7mimi i naft\u00ebs n\u00eb Shqip\u00ebri do t\u00eb shkoj\u00eb n\u00eb 5 mij\u00eb lek\u00eb"},"content":{"rendered":"<p>Analisti Ilir Kulla tha mbr\u00ebmj\u00ebn e sotme\u00a0 se \u00e7mimi i naft\u00ebs n\u00eb Shqip\u00ebri \u00a0do t\u00eb shkoj\u00eb 5 mij\u00eb lek\u00eb t\u00eb vjetra. Ai u shpreh n\u00eb \u201cZon\u00eb e Lir\u00eb\u201d se shkak i \u00e7mimit t\u00eb lart\u00eb t\u00eb naft\u00ebs, jo vet\u00ebm n\u00eb Shqip\u00ebri por edh\u00eb n\u00eb Europ\u00eb, \u00ebsht\u00eb problemi i k\u00ebrkes\u00eb\/ofert\u00ebs. <\/p>\n<p>Kulla tha nd\u00ebr t\u00eb tjera se t\u00eb sigurosh \u00e7mimin fiks \u00a0dhe ta mbash, duhet ta blesh q\u00eb tani me sasi t\u00eb m\u00ebdhaja nafte, por kjo k\u00ebrkon mund\u00ebsi financiare t\u00eb fort\u00eb q\u00eb Shqip\u00ebria nuk e ka. <\/p>\n<p>Ilir Kulla:\u00a0Ne marrim mall importi. Dhe tregtar\u00ebt tan\u00eb e blejn\u00eb t\u00eb gjith\u00eb n\u00eb nj\u00eb burim dhe kur ngrihet \u00e7mimi i produktit sepse \u00ebsht\u00eb problem k\u00ebrkes\u00eb\/oferta n\u00eb t\u00eb gjith\u00eb Europ\u00ebn nuk \u00ebsht\u00eb vet\u00ebm tek ne, ne jemi nj\u00eb treg i vog\u00ebl, tregtar\u00ebt tan\u00eb jan\u00eb k\u00ebta, ne nuk importojm\u00eb dot si shtet dhe t\u00eb krijojm\u00eb rezerva t\u00eb tjera, madje un\u00eb shoh me merak t\u00eb madh dhe nj\u00eb gj\u00eb tjet\u00ebr. \u00c7far\u00eb ndodhi n\u00eb momente t\u00eb caktuara me institucione t\u00eb caktuara sepse do vij\u00eb dimri dhe ky karburanti nuk sh\u00ebrben vet\u00ebm p\u00ebr makinat, po sh\u00ebrben p\u00ebr spitalet, p\u00ebr Forcat e Armatosura, sh\u00ebrben p\u00ebr policin\u00eb. K\u00ebto t\u00eb gjitha k\u00ebta i blejn\u00eb tek kompanit\u00eb tona lokale k\u00ebtu. Dhe k\u00ebta tan\u00eb i blejn\u00eb n\u00eb dy kompani, nj\u00eb n\u00eb Zvic\u00ebr dhe nj\u00eb n\u00eb Itali. <\/p>\n<p>Arian \u00c7ani:\u00a0Po si i b\u00ebhet Kulla? <\/p>\n<p>Ilir Kulla:\u00a0Ta thash\u00eb, \u00e7mimi ka p\u00ebr t\u00eb vajtur 5 mij\u00eb Lek\u00eb. Q\u00eb t\u00eb sigurosh \u00e7mimin fiks dhe ta mbash, duhet ta blesh q\u00eb tani me sasi t\u00eb m\u00ebdhaja dhe kjo k\u00ebrkon mund\u00ebsi financiare t\u00eb fort\u00eb, gj\u00eb q\u00eb k\u00ebta nuk e kan\u00eb. Kryeministri tha nj\u00eb gj\u00eb q\u00eb do v\u00ebm\u00eb garanci sovrane p\u00ebr kompani t\u00eb cilat importojn\u00eb mallrat e shport\u00ebs, ndoshta do duhet q\u00eb e nj\u00ebjta t\u00eb ndodhi dhe p\u00ebr mallrat e konsumit energjetik. Ose do heq\u00ebsh akcizat, sepse \u00e7mimi \u00ebsht\u00eb i lart\u00eb p\u00ebr shkak t\u00eb akcizave, ose do fiksosh nj\u00eb \u00e7mim dhe do ta blesh p\u00ebr nj\u00eb koh\u00eb shum\u00eb t\u00eb gjat\u00eb.<\/p>","protected":false},"excerpt":{"rendered":"<p>Analisti Ilir Kulla tha mbr\u00ebmj\u00ebn e sotme\u00a0 se \u00e7mimi i naft\u00ebs n\u00eb Shqip\u00ebri \u00a0do t\u00eb shkoj\u00eb 5 mij\u00eb lek\u00eb t\u00eb vjetra. Ai u shpreh n\u00eb \u201cZon\u00eb e Lir\u00eb\u201d se shkak i \u00e7mimit t\u00eb lart\u00eb t\u00eb naft\u00ebs, jo vet\u00ebm n\u00eb Shqip\u00ebri por edh\u00eb n\u00eb Europ\u00eb, \u00ebsht\u00eb problemi i k\u00ebrkes\u00eb\/ofert\u00ebs. Kulla tha nd\u00ebr t\u00eb tjera se t\u00eb [&hellip;]<\/p>\n","protected":false},"author":2031,"featured_media":265049,"comment_status":"closed","ping_status":"closed","sticky":false,"template":"","format":"standard","meta":{"footnotes":""},"categories":[241,231,235],"tags":[],"class_list":{"0":"post-265047","1":"post","2":"type-post","3":"status-publish","4":"format-standard","5":"has-post-thumbnail","7":"category-aktualitet","8":"category-lajme","9":"category-vendi"},"_links":{"self":[{"href":"https:\/\/zjarr.tv\/en\/wp-json\/wp\/v2\/posts\/265047","targetHints":{"allow":["GET"]}}],"collection":[{"href":"https:\/\/zjarr.tv\/en\/wp-json\/wp\/v2\/posts"}],"about":[{"href":"https:\/\/zjarr.tv\/en\/wp-json\/wp\/v2\/types\/post"}],"author":[{"embeddable":true,"href":"https:\/\/zjarr.tv\/en\/wp-json\/wp\/v2\/users\/2031"}],"replies":[{"embeddable":true,"href":"https:\/\/zjarr.tv\/en\/wp-json\/wp\/v2\/comments?post=265047"}],"version-history":[{"count":0,"href":"https:\/\/zjarr.tv\/en\/wp-json\/wp\/v2\/posts\/265047\/revisions"}],"wp:featuredmedia":[{"embeddable":true,"href":"https:\/\/zjarr.tv\/en\/wp-json\/wp\/v2\/media\/265049"}],"wp:attachment":[{"href":"https:\/\/zjarr.tv\/en\/wp-json\/wp\/v2\/media?parent=265047"}],"wp:term":[{"taxonomy":"category","embeddable":true,"href":"https:\/\/zjarr.tv\/en\/wp-json\/wp\/v2\/categories?post=265047"},{"taxonomy":"post_tag","embeddable":true,"href":"https:\/\/zjarr.tv\/en\/wp-json\/wp\/v2\/tags?post=265047"}],"curies":[{"name":"wp","href":"https:\/\/api.w.org\/{rel}","templated":true}]}}