{"id":265053,"date":"2022-06-18T07:56:48","date_gmt":"2022-06-18T05:56:48","guid":{"rendered":"https:\/\/zjarr.tv\/?p=265053"},"modified":"2022-06-18T07:56:48","modified_gmt":"2022-06-18T05:56:48","slug":"uu-dasme-ne-maldive-kete-vit-ja-si-pergjigjet-ori-nebiaj","status":"publish","type":"post","link":"https:\/\/zjarr.tv\/en\/uu-dasme-ne-maldive-kete-vit-ja-si-pergjigjet-ori-nebiaj\/","title":{"rendered":"\u201cUu, dasm\u00eb n\u00eb Maldive k\u00ebt\u00eb vit?!\u201d Ja si p\u00ebrgjigjet Ori Nebiaj"},"content":{"rendered":"<p>Moderatorja Ori Nebiaj tregohet shum\u00eb e rezervuar kur b\u00ebhet fjal\u00eb p\u00ebr jet\u00ebn private. <\/p>\n<p>E pyetur mbr\u00ebmjen e sotme nga binjak\u00ebt Veshaj n\u00eb emisionin \u201cM\u00eb l\u00ebr t\u00eb flas\u201d, n\u00ebse \u00ebsht\u00eb n\u00eb nj\u00eb lidhje apo single, Ori ka dh\u00ebn\u00eb nj\u00eb p\u00ebrgjigje jo konkrete: <\/p>\n<p>Ori: Nuk e di a do t\u00eb shkoj n\u00eb Maldive k\u00ebt\u00eb janar, por do ta mendoj <\/p>\n<p>Romeo: Uu, dasm\u00eb n\u00eb Maldive\u2026 <\/p>\n<p>Donaldi: A je n\u00eb nj\u00eb lidhje apo jo? <\/p>\n<p>Ori: Jo (qesh) <\/p>\n<p>Donaldi: Nuk mendon se ai djali do t\u00eb ofendohet n\u00ebse ti i thua jo? <\/p>\n<p>Romeo: Nuk ndihesh bosh? <\/p>\n<p>Donaldi: S\u2019ka gj\u00eb se do t\u00eb justifikohet, do t\u00eb thot\u00eb m\u00eb fal o shpirt se ashtu ishte situate, nuk isha gati ta b\u00ebja publike, se dhe ti je pak i pavendosur. Do t\u2019ia hedh\u00eb fajin atij\u2026<\/p>","protected":false},"excerpt":{"rendered":"<p>Moderatorja Ori Nebiaj tregohet shum\u00eb e rezervuar kur b\u00ebhet fjal\u00eb p\u00ebr jet\u00ebn private. E pyetur mbr\u00ebmjen e sotme nga binjak\u00ebt Veshaj n\u00eb emisionin \u201cM\u00eb l\u00ebr t\u00eb flas\u201d, n\u00ebse \u00ebsht\u00eb n\u00eb nj\u00eb lidhje apo single, Ori ka dh\u00ebn\u00eb nj\u00eb p\u00ebrgjigje jo konkrete: Ori: Nuk e di a do t\u00eb shkoj n\u00eb Maldive k\u00ebt\u00eb janar, por do [&hellip;]<\/p>\n","protected":false},"author":2031,"featured_media":265054,"comment_status":"closed","ping_status":"closed","sticky":false,"template":"","format":"standard","meta":{"footnotes":""},"categories":[241,231,235],"tags":[],"class_list":{"0":"post-265053","1":"post","2":"type-post","3":"status-publish","4":"format-standard","5":"has-post-thumbnail","7":"category-aktualitet","8":"category-lajme","9":"category-vendi"},"_links":{"self":[{"href":"https:\/\/zjarr.tv\/en\/wp-json\/wp\/v2\/posts\/265053","targetHints":{"allow":["GET"]}}],"collection":[{"href":"https:\/\/zjarr.tv\/en\/wp-json\/wp\/v2\/posts"}],"about":[{"href":"https:\/\/zjarr.tv\/en\/wp-json\/wp\/v2\/types\/post"}],"author":[{"embeddable":true,"href":"https:\/\/zjarr.tv\/en\/wp-json\/wp\/v2\/users\/2031"}],"replies":[{"embeddable":true,"href":"https:\/\/zjarr.tv\/en\/wp-json\/wp\/v2\/comments?post=265053"}],"version-history":[{"count":0,"href":"https:\/\/zjarr.tv\/en\/wp-json\/wp\/v2\/posts\/265053\/revisions"}],"wp:featuredmedia":[{"embeddable":true,"href":"https:\/\/zjarr.tv\/en\/wp-json\/wp\/v2\/media\/265054"}],"wp:attachment":[{"href":"https:\/\/zjarr.tv\/en\/wp-json\/wp\/v2\/media?parent=265053"}],"wp:term":[{"taxonomy":"category","embeddable":true,"href":"https:\/\/zjarr.tv\/en\/wp-json\/wp\/v2\/categories?post=265053"},{"taxonomy":"post_tag","embeddable":true,"href":"https:\/\/zjarr.tv\/en\/wp-json\/wp\/v2\/tags?post=265053"}],"curies":[{"name":"wp","href":"https:\/\/api.w.org\/{rel}","templated":true}]}}