{"id":265064,"date":"2022-06-18T10:24:29","date_gmt":"2022-06-18T08:24:29","guid":{"rendered":"https:\/\/zjarr.tv\/?p=265064"},"modified":"2022-06-18T10:24:29","modified_gmt":"2022-06-18T08:24:29","slug":"deputetet-e-pd-te-mos-te-shkojne-ne-plazh-te-dielave-saimir-korreshi-cmenduri-rritja-e-naftes-opozita-te-organizonte-protesta","status":"publish","type":"post","link":"https:\/\/zjarr.tv\/en\/deputetet-e-pd-te-mos-te-shkojne-ne-plazh-te-dielave-saimir-korreshi-cmenduri-rritja-e-naftes-opozita-te-organizonte-protesta\/","title":{"rendered":"\u201cDeputet\u00ebt e PD t\u00eb mos t\u00eb shkojn\u00eb n\u00eb plazh t\u00eb dielave\u201d, Saimir Korreshi: \u00c7menduri rritja e naft\u00ebs!\u00a0Opozita t\u00eb organizonte protesta"},"content":{"rendered":"<p>Deputeti demokrat Saimir Korreshi foli sot p\u00ebr rritjen e \u00e7mimit t\u00eb naft\u00ebs n\u00eb vend, e cila sot shkoi n\u00eb 265 lek\u00eb p\u00ebr lit\u00ebr. Sipas tij kjo po ndodh pasi nuk ka nj\u00eb reagim t\u00eb fort\u00eb nga populi. <\/p>\n<p>Ai tha n\u00eb nj\u00eb intervist\u00eb n\u00eb \u201cFaxnews\u201d se opozita duhet t\u00eb merrte p\u00ebrgjegj\u00ebsit\u00eb dhe t\u00eb organizonte protesta t\u00eb q\u00ebndrueshme dhe jo t\u00eb grinden me nj\u00ebri-tjetrin.\u00a0 <\/p>\n<p>\u201cNj\u00eb pjes\u00eb t\u00eb fajit e kemi ne si opozit\u00eb. Se e kemi mendjen t\u00eb zihemi me nj\u00ebri tjetrin jo t\u00eb b\u00ebjm\u00eb opozit\u00eb. Ne duhet t\u00eb reagojm\u00eb me t\u00eb gjitha forcat sepse \u00ebsht\u00eb moment vendimtar ku po shkrihet e gjith\u00eb shtresa e mesme dhe po krijohen vet\u00ebm oligark\u00eb.E kan\u00eb l\u00ebn\u00eb naft\u00ebn 265 dhe nuk e l\u00ebvizin fare. Si mund t\u00eb punojn\u00eb autok\u00ebmbanat dhe traktor\u00ebt kur nafta \u00ebsht\u00eb 3 mij\u00eb lek\u00eb? <\/p>\n<p>\u00cbsht\u00eb \u00e7menduri. K\u00ebtu po ndodh kjo se meq\u00eb jan\u00eb kapur t\u00eb gjith\u00eb pushtetet, at\u00ebher\u00eb thon\u00eb hajt ta ngrejm\u00eb \u00e7mimin sa t\u00eb mundet se as k\u00ebta nuk po reagojn\u00eb. Protest\u00ebn e shikoj me trishtim se ka disa gj\u00ebra t\u00eb err\u00ebta tek k\u00ebto protesta. Ose kur shikoj q\u00eb reagon populli apo shoq\u00ebria civile nd\u00ebrhyjn\u00eb disa faktor\u00eb t\u00eb tjer\u00eb p\u00ebr t\u00eb b\u00ebr\u00eb t\u00eb mundur q\u00eb ata njer\u00ebz q\u00eb jan\u00eb me shpirt atje t\u2019i largojn\u00eb nj\u00eb nga nj\u00eb. <\/p>\n<p>Opozita ta ket\u00eb n\u00eb genin e vet\u00eb, jo t\u00eb dalin t\u00eb dielave e t\u00eb publikojn\u00eb foto n\u00eb plazh. Duhet t\u00eb mblidhemi t\u2019i l\u00ebm\u00eb inatet\u201d, \u00a0tha deputeti Korreshi.<\/p>","protected":false},"excerpt":{"rendered":"<p>Deputeti demokrat Saimir Korreshi foli sot p\u00ebr rritjen e \u00e7mimit t\u00eb naft\u00ebs n\u00eb vend, e cila sot shkoi n\u00eb 265 lek\u00eb p\u00ebr lit\u00ebr. Sipas tij kjo po ndodh pasi nuk ka nj\u00eb reagim t\u00eb fort\u00eb nga populi. Ai tha n\u00eb nj\u00eb intervist\u00eb n\u00eb \u201cFaxnews\u201d se opozita duhet t\u00eb merrte p\u00ebrgjegj\u00ebsit\u00eb dhe t\u00eb organizonte protesta t\u00eb [&hellip;]<\/p>\n","protected":false},"author":2031,"featured_media":227278,"comment_status":"closed","ping_status":"closed","sticky":false,"template":"","format":"standard","meta":{"footnotes":""},"categories":[241,231,235],"tags":[],"class_list":{"0":"post-265064","1":"post","2":"type-post","3":"status-publish","4":"format-standard","5":"has-post-thumbnail","7":"category-aktualitet","8":"category-lajme","9":"category-vendi"},"_links":{"self":[{"href":"https:\/\/zjarr.tv\/en\/wp-json\/wp\/v2\/posts\/265064","targetHints":{"allow":["GET"]}}],"collection":[{"href":"https:\/\/zjarr.tv\/en\/wp-json\/wp\/v2\/posts"}],"about":[{"href":"https:\/\/zjarr.tv\/en\/wp-json\/wp\/v2\/types\/post"}],"author":[{"embeddable":true,"href":"https:\/\/zjarr.tv\/en\/wp-json\/wp\/v2\/users\/2031"}],"replies":[{"embeddable":true,"href":"https:\/\/zjarr.tv\/en\/wp-json\/wp\/v2\/comments?post=265064"}],"version-history":[{"count":0,"href":"https:\/\/zjarr.tv\/en\/wp-json\/wp\/v2\/posts\/265064\/revisions"}],"wp:featuredmedia":[{"embeddable":true,"href":"https:\/\/zjarr.tv\/en\/wp-json\/wp\/v2\/media\/227278"}],"wp:attachment":[{"href":"https:\/\/zjarr.tv\/en\/wp-json\/wp\/v2\/media?parent=265064"}],"wp:term":[{"taxonomy":"category","embeddable":true,"href":"https:\/\/zjarr.tv\/en\/wp-json\/wp\/v2\/categories?post=265064"},{"taxonomy":"post_tag","embeddable":true,"href":"https:\/\/zjarr.tv\/en\/wp-json\/wp\/v2\/tags?post=265064"}],"curies":[{"name":"wp","href":"https:\/\/api.w.org\/{rel}","templated":true}]}}