{"id":265074,"date":"2022-06-18T12:12:18","date_gmt":"2022-06-18T10:12:18","guid":{"rendered":"https:\/\/zjarr.tv\/?p=265074"},"modified":"2022-06-18T12:12:18","modified_gmt":"2022-06-18T10:12:18","slug":"rama-kritika-dibraneve-nese-nuk-ja-hyni-njeri-tjetrin-ne-arrijme-objektivat-ne-zgjedhje-po-u-zgjuat-ju-nuk-ka-gje-qe-ju-pengon","status":"publish","type":"post","link":"https:\/\/zjarr.tv\/en\/rama-kritika-dibraneve-nese-nuk-ja-hyni-njeri-tjetrin-ne-arrijme-objektivat-ne-zgjedhje-po-u-zgjuat-ju-nuk-ka-gje-qe-ju-pengon\/","title":{"rendered":"Rama kritika dibran\u00ebve: N\u00ebse nuk ja hyni nj\u00ebri tjetrin, ne arrijm\u00eb objektivat n\u00eb zgjedhje. Po u zgjuat ju nuk ka gj\u00eb q\u00eb ju pengon"},"content":{"rendered":"<p>Kryeministri Edi Rama ka qen\u00eb i pranish\u00ebm sot n\u00eb Peshkopi, n\u00eb kuad\u00ebr t\u00eb turit t\u00eb takimeve p\u00ebr zgjedhjen e kryetar\u00ebve t\u00eb rinj t\u00eb deg\u00ebve t\u00eb Partis\u00eb Socialiste. Rama tha se ky proces \u00ebsht\u00eb nj\u00eb risi, pasi partia \u00ebsht\u00eb hapur edhe p\u00ebrtej an\u00ebtar\u00ebve t\u00eb saj.<\/p>\n<p>\u2018P\u00ebrsh\u00ebndetje t\u00eb gjith\u00ebve, shum\u00eb k\u00ebnaq\u00ebsi q\u00eb jam k\u00ebtu p\u00ebr t\u00eb ndjekur ballafaqimin e kandidat\u00ebve p\u00ebr kreun e PS-s\u00eb n\u00eb Dib\u00ebr, p\u00ebr t\u00eb zgjedhur si fillim\u00a0 kryetar\u00ebt n\u00eb 61 bashkit\u00eb, p\u00ebr tu shtrir\u00eb n\u00eb nj\u00ebsit\u00eb bashkiake.<\/p>\n<p>Arsyeja se pse ne kemi arritur t\u00eb jemi t\u00eb suksessh\u00ebm n\u00eb sfidat elektorale n\u00eb radh\u00eb t\u00eb par\u00eb \u00ebsht\u00eb se ne gjithmon\u00eb jemi p\u00ebrpjekur q\u00eb t\u00eb p\u00ebrmir\u00ebsohemi, qoft\u00eb n\u00eb qeverisje, qoft\u00eb n\u00eb m\u00ebnyr\u00ebn e organizimit.<\/p>\n<p>Arsyeja se pse ne kemi qen\u00eb t\u00eb suksessh\u00ebm n\u00eb raport me t\u00eb gjith\u00eb t\u00eb tjer\u00ebt, \u00ebsht\u00eb se ne nuk kemi fjetur mbi dafina, por kemi filluar t\u00eb reagojm\u00eb duke par\u00eb mir\u00eb rezultatet, ti lexojm\u00eb ashtu si\u00e7 duhet, dhe duke mos u k\u00ebnaqur me ato q\u00eb kemi arritur\u201d, tha mes t\u00eb tjerave Rama. Kreu i socialist\u00ebve tha se partia n\u00eb \u00e7do deg\u00eb do t\u00eb ket\u00eb bashk\u00ebkryetar\u00eb, nj\u00eb grua dhe nj\u00eb burr\u00eb, n\u00eb rast se i zgjedhuri do t\u00eb jet\u00eb burr\u00eb.<\/p>\n<p>\u201cKudo ku organizatat jan\u00eb t\u00eb bashk\u00ebdrejtuara, rezultatet jan\u00eb m\u00eb t\u00eb mira, po mos t\u00eb kishte gra, n\u00eb nj\u00eb qend\u00ebr votimi, n\u00eb nj\u00eb zon\u00eb, aty nuk do t\u00eb kishte as parti, ishte nj\u00eb situat\u00eb shurdhe, shyqyr q\u00eb jan\u00eb grat\u00eb q\u00eb dhe burrat e mbajn\u00eb veten, justifikimi q\u00eb nuk ka gra \u00ebsht\u00eb komplet kot. Sa m\u00eb shum\u00eb burrat b\u00ebjn\u00eb si t\u00eb fort\u00eb, aq m\u00eb shum\u00eb drejtohen nga grat\u00eb.<\/p>\n<p>N\u00eb zgjedhjet e fundit t\u00eb p\u00ebrgjithshme n\u00eb Dib\u00ebr nuk e kemi arritur objektivin ton\u00eb, nj\u00eb nga t\u00eb paktat qarqe, mir\u00ebpo pat\u00ebm nj\u00eb rizgjim shum\u00eb pozitiv n\u00eb zgjedhjet e pjesshme, ku u pa qart\u00eb se kur ju doni, nuk ka asgj\u00eb q\u00eb ju pengon p\u00ebr t\u00eb arritur objektivin.<\/p>\n<p>N\u00eb rast se ju nuk merreni me nj\u00ebri tjetrin, se dibran\u00ebt njihen se ja hyjn\u00eb nj\u00ebri-tjetrit, jam i bindur q\u00eb ne n\u00eb zgjedhjet e ardhshme duhet t\u00eb konfirmojm\u00eb kreun e bashkis\u00eb, q\u00eb ju e keni pritur shum\u00eb mir\u00eb\u201d, u shpreh Rama.<\/p>","protected":false},"excerpt":{"rendered":"<p>Kryeministri Edi Rama ka qen\u00eb i pranish\u00ebm sot n\u00eb Peshkopi, n\u00eb kuad\u00ebr t\u00eb turit t\u00eb takimeve p\u00ebr zgjedhjen e kryetar\u00ebve t\u00eb rinj t\u00eb deg\u00ebve t\u00eb Partis\u00eb Socialiste. Rama tha se ky proces \u00ebsht\u00eb nj\u00eb risi, pasi partia \u00ebsht\u00eb hapur edhe p\u00ebrtej an\u00ebtar\u00ebve t\u00eb saj. \u2018P\u00ebrsh\u00ebndetje t\u00eb gjith\u00ebve, shum\u00eb k\u00ebnaq\u00ebsi q\u00eb jam k\u00ebtu p\u00ebr t\u00eb ndjekur [&hellip;]<\/p>\n","protected":false},"author":2020,"featured_media":265075,"comment_status":"closed","ping_status":"closed","sticky":false,"template":"","format":"standard","meta":{"footnotes":""},"categories":[241,5380,231],"tags":[],"class_list":{"0":"post-265074","1":"post","2":"type-post","3":"status-publish","4":"format-standard","5":"has-post-thumbnail","7":"category-aktualitet","8":"category-kryesore","9":"category-lajme"},"_links":{"self":[{"href":"https:\/\/zjarr.tv\/en\/wp-json\/wp\/v2\/posts\/265074","targetHints":{"allow":["GET"]}}],"collection":[{"href":"https:\/\/zjarr.tv\/en\/wp-json\/wp\/v2\/posts"}],"about":[{"href":"https:\/\/zjarr.tv\/en\/wp-json\/wp\/v2\/types\/post"}],"author":[{"embeddable":true,"href":"https:\/\/zjarr.tv\/en\/wp-json\/wp\/v2\/users\/2020"}],"replies":[{"embeddable":true,"href":"https:\/\/zjarr.tv\/en\/wp-json\/wp\/v2\/comments?post=265074"}],"version-history":[{"count":0,"href":"https:\/\/zjarr.tv\/en\/wp-json\/wp\/v2\/posts\/265074\/revisions"}],"wp:featuredmedia":[{"embeddable":true,"href":"https:\/\/zjarr.tv\/en\/wp-json\/wp\/v2\/media\/265075"}],"wp:attachment":[{"href":"https:\/\/zjarr.tv\/en\/wp-json\/wp\/v2\/media?parent=265074"}],"wp:term":[{"taxonomy":"category","embeddable":true,"href":"https:\/\/zjarr.tv\/en\/wp-json\/wp\/v2\/categories?post=265074"},{"taxonomy":"post_tag","embeddable":true,"href":"https:\/\/zjarr.tv\/en\/wp-json\/wp\/v2\/tags?post=265074"}],"curies":[{"name":"wp","href":"https:\/\/api.w.org\/{rel}","templated":true}]}}