{"id":265083,"date":"2022-06-18T12:21:19","date_gmt":"2022-06-18T10:21:19","guid":{"rendered":"https:\/\/zjarr.tv\/?p=265083"},"modified":"2022-06-18T12:21:19","modified_gmt":"2022-06-18T10:21:19","slug":"flamur-noka-ne-deklarate-per-djalin-e-cucit-ministri-duhet-te-jape-doreheqjen-skandal-qe-u-eshte-fshehur-shqiptareve","status":"publish","type":"post","link":"https:\/\/zjarr.tv\/en\/flamur-noka-ne-deklarate-per-djalin-e-cucit-ministri-duhet-te-jape-doreheqjen-skandal-qe-u-eshte-fshehur-shqiptareve\/","title":{"rendered":"Flamur Noka n\u00eb deklarat\u00eb p\u00ebr djalin e \u00c7u\u00e7it: Ministri duhet t\u00eb jap\u00eb dor\u00ebheqjen! Skandal q\u00eb u \u00ebsht\u00eb fshehur shqiptar\u00ebve"},"content":{"rendered":"<p>Sekretari i P\u00ebrgjithsh\u00ebm i PD, Flamur Noka ka dal\u00eb sot n\u00eb nj\u00eb deklarat\u00eb p\u00ebr mediat nga selia blu dhe ka k\u00ebrkuar dor\u00ebheqjen e ministrit t\u00eb Brendsh\u00ebm Bledi \u00c7u\u00e7i. Sipas tij, ngjarja n\u00eb Itali ku \u201c\u00ebsht\u00eb p\u00ebrfshir\u00eb djali i tij \u00ebsht\u00eb nj\u00eb skandal q\u00eb u \u00ebsht\u00eb fshehur shqiptar\u00ebve.\u201d<\/p>\n<p>\u201cSot jam p\u00ebr t\u00eb denoncuar nj\u00eb skandal t\u00eb r\u00ebnd\u00eb ku \u00ebsht\u00eb p\u00ebrfshir\u00eb djali i ministrit Brendsh\u00ebm Bledi \u00c7u\u00e7i. Nj\u00eb skandal q\u00eb prej koh\u00ebsh ju \u00ebsht\u00eb mbajtur i fshehur shqiptar\u00ebve dhe opinionit publik. Ministri Bledi \u00c7u\u00e7i vazhdon t\u00eb q\u00ebndroj\u00eb n\u00eb detyr\u00eb, pavar\u00ebsisht se djali i tij \u00ebsht\u00eb faktuar si i p\u00ebrfshir\u00eb n\u00eb trafikun e ila\u00e7eve nga Italia n\u00eb kulmin e pandemis\u00eb s\u00eb Covid\u201d, u shpreh Noka.<\/p>\n<p>Gjithashtu, zyrtari i lart\u00eb i PD-s\u00eb s\u00eb Rithemeluar deklaroi se \u201cheshtja e \u00c7u\u00e7it\u201d nuk i mbulon dot faktet.<\/p>\n<p>\u201cN\u00ebse n\u00eb Shqip\u00ebri do t\u00eb kishte shtete dhe demokraci funksionale, Bledi \u00c7u\u00e7i n\u00ebse s\u2019do dor\u00ebhiqej do duhej t\u00eb ishte shkarkuar menj\u00ebher\u00eb. Bledi \u00c7u\u00e7i ka heshtur p\u00ebr rolin e t\u00eb birit t\u00eb tij n\u00eb skem\u00ebn e trafikut, t\u00eb zbuluar nga autoritetet italiane. Heshtja e tij e q\u00ebllimshme nuk i mbulon dot faktet e r\u00ebnda. Ai ka kaluar kufirin me dokumente t\u00eb r\u00ebnda\u201d, vijoi Flamur Noka.<\/p>","protected":false},"excerpt":{"rendered":"<p>Sekretari i P\u00ebrgjithsh\u00ebm i PD, Flamur Noka ka dal\u00eb sot n\u00eb nj\u00eb deklarat\u00eb p\u00ebr mediat nga selia blu dhe ka k\u00ebrkuar dor\u00ebheqjen e ministrit t\u00eb Brendsh\u00ebm Bledi \u00c7u\u00e7i. Sipas tij, ngjarja n\u00eb Itali ku \u201c\u00ebsht\u00eb p\u00ebrfshir\u00eb djali i tij \u00ebsht\u00eb nj\u00eb skandal q\u00eb u \u00ebsht\u00eb fshehur shqiptar\u00ebve.\u201d \u201cSot jam p\u00ebr t\u00eb denoncuar nj\u00eb skandal t\u00eb [&hellip;]<\/p>\n","protected":false},"author":2020,"featured_media":265084,"comment_status":"closed","ping_status":"closed","sticky":false,"template":"","format":"standard","meta":{"footnotes":""},"categories":[241,5380,231],"tags":[],"class_list":{"0":"post-265083","1":"post","2":"type-post","3":"status-publish","4":"format-standard","5":"has-post-thumbnail","7":"category-aktualitet","8":"category-kryesore","9":"category-lajme"},"_links":{"self":[{"href":"https:\/\/zjarr.tv\/en\/wp-json\/wp\/v2\/posts\/265083","targetHints":{"allow":["GET"]}}],"collection":[{"href":"https:\/\/zjarr.tv\/en\/wp-json\/wp\/v2\/posts"}],"about":[{"href":"https:\/\/zjarr.tv\/en\/wp-json\/wp\/v2\/types\/post"}],"author":[{"embeddable":true,"href":"https:\/\/zjarr.tv\/en\/wp-json\/wp\/v2\/users\/2020"}],"replies":[{"embeddable":true,"href":"https:\/\/zjarr.tv\/en\/wp-json\/wp\/v2\/comments?post=265083"}],"version-history":[{"count":0,"href":"https:\/\/zjarr.tv\/en\/wp-json\/wp\/v2\/posts\/265083\/revisions"}],"wp:featuredmedia":[{"embeddable":true,"href":"https:\/\/zjarr.tv\/en\/wp-json\/wp\/v2\/media\/265084"}],"wp:attachment":[{"href":"https:\/\/zjarr.tv\/en\/wp-json\/wp\/v2\/media?parent=265083"}],"wp:term":[{"taxonomy":"category","embeddable":true,"href":"https:\/\/zjarr.tv\/en\/wp-json\/wp\/v2\/categories?post=265083"},{"taxonomy":"post_tag","embeddable":true,"href":"https:\/\/zjarr.tv\/en\/wp-json\/wp\/v2\/tags?post=265083"}],"curies":[{"name":"wp","href":"https:\/\/api.w.org\/{rel}","templated":true}]}}