{"id":265093,"date":"2022-06-18T12:39:10","date_gmt":"2022-06-18T10:39:10","guid":{"rendered":"https:\/\/zjarr.tv\/?p=265093"},"modified":"2022-06-18T12:41:56","modified_gmt":"2022-06-18T10:41:56","slug":"bordi-i-transparences-te-transmetoje-live-ne-tv-mbledhjet-qe-ben-nese-ja-mban","status":"publish","type":"post","link":"https:\/\/zjarr.tv\/en\/bordi-i-transparences-te-transmetoje-live-ne-tv-mbledhjet-qe-ben-nese-ja-mban\/","title":{"rendered":"Bordi i Transparenc\u00ebs t\u00eb transmetoj\u00eb Live n\u00eb TV Mbledhjet, q\u00eb b\u00ebn, n\u00ebse ja mban\u2026."},"content":{"rendered":"<p>N\u00ebnkryetari i LSI-s\u00eb Petrit Vasili i ka b\u00ebr\u00eb thirrje Bordit t\u00eb Transparenc\u00ebs q\u00eb t\u00eb transmetoj\u00eb Live mbledhjen q\u00eb b\u00ebn n\u00eb lidhje me vendosjen e \u00e7mimeve p\u00ebr karburantet.<\/p>\n<p>N\u00eb postimin e tij n\u00eb Facebook, Vasili e quan bordin nj\u00eb sekt gjob\u00ebv\u00ebn\u00ebs dhe t\u00eb paligjsh\u00ebm pasi \u00ebsht\u00eb pjell\u00eb e mbarsjes qeveri-oligarki dhe vendos \u00e7do jav\u00eb \u00e7mime shkat\u00ebrruese.<\/p>\n<p>Postimi i plot\u00eb i Petrit Vasilit:<\/p>\n<p>Bordi i Trasparences te transmetoje Live ne TV Mbledhjet, qe ben, ne se ja mban&#8230;.\u203c\ufe0f<\/p>\n<p>Si nje sekt gjobvenes ky Bord i paligjshem pjelle e mbarsjes qeveri- oligarki, mbyllur dhe pa trasparence vendos \u00e7do jave \u00e7mime shkaterruese, si gjoba te verteta mafiozesh.<\/p>\n<p>Pse nuk i transmetojne live ne TV mbledhjet e Bordit.<\/p>\n<p>Ti trasmetojne Live mbledhjet se edhe Bord trasparence edhe bunker informativ nuk rrine bashke.<\/p>\n<p>Ti trasmetojne Live, qe te kuptojme se:<\/p>\n<p>Nderkohe qe ky Bord vendos \u00e7mime kaq te larta skandaloze ne treg ka pika karburanti me cmim me te ulet se ky i Bordit te hajduteve.Keto pikat e vogla qenkan me te fuqishme qe ju del hesapi dhe pikave te medha qe shesin 100 fish me shume nuk ju dilka<\/p>\n<p>Te dijme te gjithe se me cilin cmim eshte blere nafta te ciles Bordi i ve cmimin per qytetaret.<\/p>\n<p>Te dijme se kur eshte blere nafta dhe me cfare vlere ishte ne ate dite,.<\/p>\n<p>Te dijme se si eshte formula e perllogaritjes deri ne caktimin e cmimit qe paguan qytetari.<\/p>","protected":false},"excerpt":{"rendered":"<p>N\u00ebnkryetari i LSI-s\u00eb Petrit Vasili i ka b\u00ebr\u00eb thirrje Bordit t\u00eb Transparenc\u00ebs q\u00eb t\u00eb transmetoj\u00eb Live mbledhjen q\u00eb b\u00ebn n\u00eb lidhje me vendosjen e \u00e7mimeve p\u00ebr karburantet. N\u00eb postimin e tij n\u00eb Facebook, Vasili e quan bordin nj\u00eb sekt gjob\u00ebv\u00ebn\u00ebs dhe t\u00eb paligjsh\u00ebm pasi \u00ebsht\u00eb pjell\u00eb e mbarsjes qeveri-oligarki dhe vendos \u00e7do jav\u00eb \u00e7mime shkat\u00ebrruese. [&hellip;]<\/p>\n","protected":false},"author":2020,"featured_media":132500,"comment_status":"closed","ping_status":"closed","sticky":false,"template":"","format":"standard","meta":{"footnotes":""},"categories":[241,5380,231],"tags":[],"class_list":{"0":"post-265093","1":"post","2":"type-post","3":"status-publish","4":"format-standard","5":"has-post-thumbnail","7":"category-aktualitet","8":"category-kryesore","9":"category-lajme"},"_links":{"self":[{"href":"https:\/\/zjarr.tv\/en\/wp-json\/wp\/v2\/posts\/265093","targetHints":{"allow":["GET"]}}],"collection":[{"href":"https:\/\/zjarr.tv\/en\/wp-json\/wp\/v2\/posts"}],"about":[{"href":"https:\/\/zjarr.tv\/en\/wp-json\/wp\/v2\/types\/post"}],"author":[{"embeddable":true,"href":"https:\/\/zjarr.tv\/en\/wp-json\/wp\/v2\/users\/2020"}],"replies":[{"embeddable":true,"href":"https:\/\/zjarr.tv\/en\/wp-json\/wp\/v2\/comments?post=265093"}],"version-history":[{"count":0,"href":"https:\/\/zjarr.tv\/en\/wp-json\/wp\/v2\/posts\/265093\/revisions"}],"wp:featuredmedia":[{"embeddable":true,"href":"https:\/\/zjarr.tv\/en\/wp-json\/wp\/v2\/media\/132500"}],"wp:attachment":[{"href":"https:\/\/zjarr.tv\/en\/wp-json\/wp\/v2\/media?parent=265093"}],"wp:term":[{"taxonomy":"category","embeddable":true,"href":"https:\/\/zjarr.tv\/en\/wp-json\/wp\/v2\/categories?post=265093"},{"taxonomy":"post_tag","embeddable":true,"href":"https:\/\/zjarr.tv\/en\/wp-json\/wp\/v2\/tags?post=265093"}],"curies":[{"name":"wp","href":"https:\/\/api.w.org\/{rel}","templated":true}]}}