{"id":265102,"date":"2022-06-18T13:22:38","date_gmt":"2022-06-18T11:22:38","guid":{"rendered":"https:\/\/zjarr.tv\/?p=265102"},"modified":"2022-06-18T14:01:24","modified_gmt":"2022-06-18T12:01:24","slug":"rama-ne-vendin-e-krimit-u-flet-strukturave-si-te-pergjimet-e-184-permbushni-objektivin","status":"publish","type":"post","link":"https:\/\/zjarr.tv\/en\/rama-ne-vendin-e-krimit-u-flet-strukturave-si-te-pergjimet-e-184-permbushni-objektivin\/","title":{"rendered":"Rama n\u00eb &#8216;vendin e krimit&#8217;, u flet strukturave si te p\u00ebrgjimet e &#8216;184&#8217;: P\u00ebrmbushni objektivin"},"content":{"rendered":"<p>N\u00eb kuad\u00ebr t\u00eb turit t\u00eb takimeve p\u00ebr p\u00ebrzgjedhjen e drejtuesve lokal\u00eb t\u00eb PS n\u00eb 61 Bashki t\u00eb vendit, kryeministri Edi Rama u ndal k\u00ebt\u00eb t\u00eb shtun\u00eb n\u00eb Peshkopi.<\/p>\n<p>Ai shfryt\u00ebzoi k\u00ebt\u00eb takim, p\u00ebr t\u00eb l\u00ebn\u00eb porosit\u00eb p\u00ebr zgjedhjet e ardhme parlamentare, duke i k\u00ebrkuar socialist\u00ebve q\u00eb t\u00eb p\u00ebrmbushin objektivin.<\/p>\n<p>Sipas tij, n\u00eb 25 prill, rezultati n\u00eb k\u00ebt\u00eb qark ishte i dob\u00ebt, dhe vuri ultimatum, q\u00eb n\u00eb procesin e ardhsh\u00ebm, t\u00eb merren 3 mandatet e humbura.<\/p>\n<p>Po ashtu Rama k\u00ebrkoi rikonfirmimin e Muharrem Ram\u00ebs, n\u00eb krye t\u00eb bashkis\u00eb Peshkopi.<\/p>\n<p>Duket se p\u00ebrmbushja e objektivit n\u00eb k\u00ebt\u00eb \u00ebsht\u00eb nj\u00eb prioritet p\u00ebr kryeministrin Rama.<\/p>\n<p>Edhe n\u00eb p\u00ebrgjimet e dosjes 184, t\u00eb vjedhjes s\u00eb votave n\u00eb Dib\u00ebr, Rama u la t\u00eb nj\u00ebjt\u00ebn porosi vart\u00ebsve t\u00eb tij, t\u00eb p\u00ebrmbushin objektivin, p\u00ebr t\u00eb siguruar m\u00eb shum\u00eb vota.<\/p>\n<p>Nd\u00ebrsa sa i takon drejtuesve t\u00eb rinj vendor, shefi i qeveris\u00eb, k\u00ebrkoi p\u00ebrfshirjen e t\u00eb rinjve dhe barazi gjinore n\u00eb k\u00ebt\u00eb proces.<\/p>\n<p>P\u00ebrgjimet e Edi Ram\u00ebs te dosja 184 kur k\u00ebrkonte realizimin e objektivit<\/p>\n<p>Arben Keshi: Po shefi!<\/p>\n<p>Edi Rama: H\u00eb mo, si duket?<\/p>\n<p>Arben Keshi: Mir\u00eb, mir\u00eb, te pritshm\u00ebrit\u00eb jemi.<\/p>\n<p>Edi Rama: E ke realizuar objektivin thua?<\/p>\n<p>Arben Keshi: Them q\u00eb po. Bazuar n\u00eb pjes\u00ebn q\u00eb po na thon\u00eb komisioner\u00ebt, e kemi realizuar.<\/p>\n<p>Edi Rama: Ashtu ee?<\/p>\n<p>Arben Keshi: Po, po, them q\u00eb po.<\/p>\n<p>Edi Rama: Po ata maskarenjt\u00eb kishin b\u00ebr\u00eb presione mbr\u00ebm\u00eb e?<\/p>\n<p>Arben Keshi: Po, desh\u00ebn t\u00eb m\u00eb kapnin mua, ndodhi pun\u00eb dy minutash, nd\u00ebrsa un\u00eb u futa te\u00a0 shtabi, sepse ata po m\u00eb prisnin te hoteli ku flija.<\/p>\n<p>Edi Rama: \u00c7a do t\u00eb t\u00eb b\u00ebnin ty ata?<\/p>\n<p>Arben Keshi: Po ja, ishin 50 vota. P\u00ebr k\u00ebt\u00eb pjes\u00ebn e presionit. Ai Flamur Noka \u00ebsht\u00eb legen.<\/p>\n<p>Edi Rama: Ku ta del dot ty Flamor Noka mor&#8230;<\/p>\n<p>Arben Keshi: Jo mor, por&#8230;Djali sa doli, ata kujtuan se jam edhe un\u00eb n\u00eb makin\u00eb. Ata e ndal\u00ebn, ishin 50 vet. Problemi \u00ebsht\u00eb se iku dhe nuk e kap\u00ebn dot.<\/p>\n<p>Edi Rama: M\u00eb mir\u00eb po h\u00eb, \u00e7&#8217;i do sherret.<\/p>\n<p>Edi Rama: D\u00ebgjo, po ti mendon se e kemi realizuar objektivin e?<\/p>\n<p>Arben Keshi: K\u00ebtu te un\u00eb them se po. Mund t\u00eb l\u00ebviz\u00eb m\u00eb pak, ose m\u00eb shum\u00eb. Nga ato q\u00eb na kan\u00eb th\u00ebn\u00eb komisioner\u00ebt kemi pritshm\u00ebri t\u00eb m\u00ebdha.<\/p>\n<p>Edi Rama: Komisioner\u00ebt i ke patur top ee?<\/p>\n<p>Arben Keshi: Po, po i kam shum\u00eb t\u00eb mir\u00eb.<\/p>\n<p>Edi Rama: Ok, mir\u00eb v\u00ebllai.<\/p>\n<p>Arben Keshi: Inshallah. Mir\u00eb, faleminderit!\/Syri<\/p>","protected":false},"excerpt":{"rendered":"<p>N\u00eb kuad\u00ebr t\u00eb turit t\u00eb takimeve p\u00ebr p\u00ebrzgjedhjen e drejtuesve lokal\u00eb t\u00eb PS n\u00eb 61 Bashki t\u00eb vendit, kryeministri Edi Rama u ndal k\u00ebt\u00eb t\u00eb shtun\u00eb n\u00eb Peshkopi. Ai shfryt\u00ebzoi k\u00ebt\u00eb takim, p\u00ebr t\u00eb l\u00ebn\u00eb porosit\u00eb p\u00ebr zgjedhjet e ardhme parlamentare, duke i k\u00ebrkuar socialist\u00ebve q\u00eb t\u00eb p\u00ebrmbushin objektivin. Sipas tij, n\u00eb 25 prill, rezultati [&hellip;]<\/p>\n","protected":false},"author":2020,"featured_media":265104,"comment_status":"closed","ping_status":"closed","sticky":false,"template":"","format":"standard","meta":{"footnotes":""},"categories":[241,5380,231],"tags":[],"class_list":{"0":"post-265102","1":"post","2":"type-post","3":"status-publish","4":"format-standard","5":"has-post-thumbnail","7":"category-aktualitet","8":"category-kryesore","9":"category-lajme"},"_links":{"self":[{"href":"https:\/\/zjarr.tv\/en\/wp-json\/wp\/v2\/posts\/265102","targetHints":{"allow":["GET"]}}],"collection":[{"href":"https:\/\/zjarr.tv\/en\/wp-json\/wp\/v2\/posts"}],"about":[{"href":"https:\/\/zjarr.tv\/en\/wp-json\/wp\/v2\/types\/post"}],"author":[{"embeddable":true,"href":"https:\/\/zjarr.tv\/en\/wp-json\/wp\/v2\/users\/2020"}],"replies":[{"embeddable":true,"href":"https:\/\/zjarr.tv\/en\/wp-json\/wp\/v2\/comments?post=265102"}],"version-history":[{"count":0,"href":"https:\/\/zjarr.tv\/en\/wp-json\/wp\/v2\/posts\/265102\/revisions"}],"wp:featuredmedia":[{"embeddable":true,"href":"https:\/\/zjarr.tv\/en\/wp-json\/wp\/v2\/media\/265104"}],"wp:attachment":[{"href":"https:\/\/zjarr.tv\/en\/wp-json\/wp\/v2\/media?parent=265102"}],"wp:term":[{"taxonomy":"category","embeddable":true,"href":"https:\/\/zjarr.tv\/en\/wp-json\/wp\/v2\/categories?post=265102"},{"taxonomy":"post_tag","embeddable":true,"href":"https:\/\/zjarr.tv\/en\/wp-json\/wp\/v2\/tags?post=265102"}],"curies":[{"name":"wp","href":"https:\/\/api.w.org\/{rel}","templated":true}]}}