{"id":265106,"date":"2022-06-18T13:29:37","date_gmt":"2022-06-18T11:29:37","guid":{"rendered":"https:\/\/zjarr.tv\/?p=265106"},"modified":"2022-06-18T13:29:37","modified_gmt":"2022-06-18T11:29:37","slug":"olta-xhacka-jep-lajmin-e-mire-per-shqiptaret-qe-jetojne-ne-irlande-e-kanada","status":"publish","type":"post","link":"https:\/\/zjarr.tv\/en\/olta-xhacka-jep-lajmin-e-mire-per-shqiptaret-qe-jetojne-ne-irlande-e-kanada\/","title":{"rendered":"Olta Xha\u00e7ka jep lajmin e mir\u00eb p\u00ebr shqiptar\u00ebt q\u00eb jetojn\u00eb n\u00eb Irland\u00eb e Kanada"},"content":{"rendered":"<p>Ministrja Olta Xha\u00e7ka, ka dh\u00ebn\u00eb nj\u00eb lajm p\u00ebr qytetar\u00ebt shqiptar\u00eb q\u00eb jetojn\u00eb n\u00eb Irland\u00eb dhe Kanada, ku p\u00ebrmes nj\u00eb postimi n\u00eb rrjetet sociale, ajo ka b\u00ebr\u00eb t\u00eb ditur se shqiptar\u00ebt q\u00eb jetojn\u00eb n\u00eb Irland\u00eb dhe Kanada, do t\u00eb fillojn\u00eb t\u00eb marrin sh\u00ebrbime p\u00ebr dokumente biometrike, pasaporta dhe let\u00ebrnjoftime elektronike pran\u00eb ambasadave Shqiptare n\u00eb k\u00ebto shtete.<\/p>\n<p>\u201cNj\u00eb lajm i mir\u00eb p\u00ebr qytetar\u00ebt shqiptar\u00eb q\u00eb jetojn\u00eb n\u00eb Irland\u00eb dhe Kanada. Duke filluar nga data 20 qershor, Ambasada Shqiptare n\u00eb Lond\u00ebr n\u00eb Bashk\u00ebpunim me Ministrin\u00eb e Brendshme dhe Kompanin\u00eb Aleat, do t\u00eb filloj\u00eb ofrimin e sh\u00ebrbimeve konsullore p\u00ebr shqiptar\u00ebt q\u00eb jetojn\u00eb n\u00eb Irland\u00eb .<\/p>\n<p>Gjithashtu, nga 27 qershori, p\u00ebr her\u00eb t\u00eb par\u00eb Ambasada Shqiptare n\u00eb Kanada do t\u00eb filloj\u00eb t\u00eb ofroj\u00eb sh\u00ebrbime p\u00ebr dokumente biometrike, pasaporta dhe let\u00ebrnjoftime elektronike. MEPJ synon q\u00eb me an\u00eb t\u00eb projekteve t\u00eb tilla t\u00eb leht\u00ebsoj\u00eb edhe m\u00eb shum\u00eb jetes\u00ebn e qytetar\u00ebve shqiptar\u00eb, kudo q\u00eb ata ndodhen jasht\u00eb vendit,-shkruan Xha\u00e7ka.<\/p>","protected":false},"excerpt":{"rendered":"<p>Ministrja Olta Xha\u00e7ka, ka dh\u00ebn\u00eb nj\u00eb lajm p\u00ebr qytetar\u00ebt shqiptar\u00eb q\u00eb jetojn\u00eb n\u00eb Irland\u00eb dhe Kanada, ku p\u00ebrmes nj\u00eb postimi n\u00eb rrjetet sociale, ajo ka b\u00ebr\u00eb t\u00eb ditur se shqiptar\u00ebt q\u00eb jetojn\u00eb n\u00eb Irland\u00eb dhe Kanada, do t\u00eb fillojn\u00eb t\u00eb marrin sh\u00ebrbime p\u00ebr dokumente biometrike, pasaporta dhe let\u00ebrnjoftime elektronike pran\u00eb ambasadave Shqiptare n\u00eb k\u00ebto shtete. [&hellip;]<\/p>\n","protected":false},"author":2020,"featured_media":160765,"comment_status":"closed","ping_status":"closed","sticky":false,"template":"","format":"standard","meta":{"footnotes":""},"categories":[241,5380,231],"tags":[],"class_list":{"0":"post-265106","1":"post","2":"type-post","3":"status-publish","4":"format-standard","5":"has-post-thumbnail","7":"category-aktualitet","8":"category-kryesore","9":"category-lajme"},"_links":{"self":[{"href":"https:\/\/zjarr.tv\/en\/wp-json\/wp\/v2\/posts\/265106","targetHints":{"allow":["GET"]}}],"collection":[{"href":"https:\/\/zjarr.tv\/en\/wp-json\/wp\/v2\/posts"}],"about":[{"href":"https:\/\/zjarr.tv\/en\/wp-json\/wp\/v2\/types\/post"}],"author":[{"embeddable":true,"href":"https:\/\/zjarr.tv\/en\/wp-json\/wp\/v2\/users\/2020"}],"replies":[{"embeddable":true,"href":"https:\/\/zjarr.tv\/en\/wp-json\/wp\/v2\/comments?post=265106"}],"version-history":[{"count":0,"href":"https:\/\/zjarr.tv\/en\/wp-json\/wp\/v2\/posts\/265106\/revisions"}],"wp:featuredmedia":[{"embeddable":true,"href":"https:\/\/zjarr.tv\/en\/wp-json\/wp\/v2\/media\/160765"}],"wp:attachment":[{"href":"https:\/\/zjarr.tv\/en\/wp-json\/wp\/v2\/media?parent=265106"}],"wp:term":[{"taxonomy":"category","embeddable":true,"href":"https:\/\/zjarr.tv\/en\/wp-json\/wp\/v2\/categories?post=265106"},{"taxonomy":"post_tag","embeddable":true,"href":"https:\/\/zjarr.tv\/en\/wp-json\/wp\/v2\/tags?post=265106"}],"curies":[{"name":"wp","href":"https:\/\/api.w.org\/{rel}","templated":true}]}}