{"id":265108,"date":"2022-06-18T13:33:31","date_gmt":"2022-06-18T11:33:31","guid":{"rendered":"https:\/\/zjarr.tv\/?p=265108"},"modified":"2022-06-18T13:58:37","modified_gmt":"2022-06-18T11:58:37","slug":"ramen-e-gjen-belaja-me-karrigen-e-vogel-kjo-per-mua-eshte-bere-per-pilot-ajo-a-sbeni-me-te-madhe","status":"publish","type":"post","link":"https:\/\/zjarr.tv\/en\/ramen-e-gjen-belaja-me-karrigen-e-vogel-kjo-per-mua-eshte-bere-per-pilot-ajo-a-sbeni-me-te-madhe\/","title":{"rendered":"Ram\u00ebn e gjen \u201cbelaja\u201d me karrigen: E vog\u00ebl kjo p\u00ebr mua, \u00ebsht\u00eb b\u00ebr\u00eb p\u00ebr pilot ajo, a s\u2019b\u00ebni m\u00eb t\u00eb madhe"},"content":{"rendered":"<p>Mbr\u00ebmjen e djeshme, Kryeministri i vendit Edi Rama, ka marrw pjes\u00eb n\u00eb panairin \u201cAutomotive Fair Albania\u201d, i cili \u00ebsht\u00eb edicioni i par\u00eb i panairit t\u00eb makinave n\u00eb Shqip\u00ebri, me p\u00ebrmasa rajonale.<\/p>\n<p>Pas fjal\u00ebs s\u00eb tij para t\u00eb pranishm\u00ebve, ku nuk fshehu ambicien q\u00eb t\u00eb sjell\u00eb nj\u00eb dit\u00eb n\u00eb Shqip\u00ebri nj\u00eb gar\u00eb t\u00eb Formula1, Ram\u00ebs i t\u00ebrhoq\u00ebn v\u00ebmendjen disa karrige n\u00eb panair.<\/p>\n<p>Kryeministri tentoi t\u00eb ulet n\u00eb nj\u00ebr\u00ebn prej tyre, por ajo ishte shum\u00eb e vog\u00ebl p\u00ebr fizikun e tij, duke ia b\u00ebr\u00eb t\u00eb pamundur q\u00eb t\u00eb rehatohej.<\/p>\n<p>\u201cKjo \u00ebsht\u00eb e vog\u00ebl p\u00ebr mua. B\u00ebjeni m\u00eb t\u00eb madhe. A nuk i b\u00ebni m\u00eb t\u00eb m\u00ebdha\u201d, pyeti Rama.<\/p>\n<p>Nd\u00ebrsa menaxheri i ndodhur aty pran\u00eb, ia sqaroi se karrigia ku ishte ulur Kryeministri ishte dizajnuar p\u00ebr pilot\u00ebt dhe jo p\u00ebr zyrat, ndaj ishte nj\u00eb zgjedhje e gabuar.<\/p>\n<p>\u201cAjo karrigia aty \u00ebsht\u00eb p\u00ebr avion\u201d, iu p\u00ebrgjigj menaxheri, Kryeministrit.<\/p>\n<p>Nd\u00ebrkoh\u00eb, vlen t\u00eb theksohet se ky po panair organizohet p\u00ebr her\u00eb t\u00eb par\u00eb n\u00eb Shqip\u00ebri nga Ministria e Shtetit p\u00ebr Mbrojtjen e Sip\u00ebrmarrjes n\u00eb bashk\u00ebpunim me Drejtorin\u00eb e P\u00ebrgjithshme t\u00eb Sh\u00ebrbimeve t\u00eb Transportit Rrugor \u2013 Ministria e Infrastruktur\u00ebs dhe Energjis\u00eb.<\/p>\n<p>N\u00eb panair ekspozojn\u00eb produktet e tyre 50 pjes\u00ebmarr\u00ebs, t\u00eb cil\u00ebt jan\u00eb prodhues pjes\u00ebsh automotive, koncesionare t\u00eb mjeteve elektrike, sip\u00ebrmarr\u00ebs t\u00eb rinj, prodhues aksesor\u00ebsh, inovator\u00eb dhe shpik\u00ebs.<\/p>","protected":false},"excerpt":{"rendered":"<p>Mbr\u00ebmjen e djeshme, Kryeministri i vendit Edi Rama, ka marrw pjes\u00eb n\u00eb panairin \u201cAutomotive Fair Albania\u201d, i cili \u00ebsht\u00eb edicioni i par\u00eb i panairit t\u00eb makinave n\u00eb Shqip\u00ebri, me p\u00ebrmasa rajonale. Pas fjal\u00ebs s\u00eb tij para t\u00eb pranishm\u00ebve, ku nuk fshehu ambicien q\u00eb t\u00eb sjell\u00eb nj\u00eb dit\u00eb n\u00eb Shqip\u00ebri nj\u00eb gar\u00eb t\u00eb Formula1, Ram\u00ebs i [&hellip;]<\/p>\n","protected":false},"author":2020,"featured_media":265112,"comment_status":"closed","ping_status":"closed","sticky":false,"template":"","format":"standard","meta":{"footnotes":""},"categories":[241,5380,231],"tags":[],"class_list":{"0":"post-265108","1":"post","2":"type-post","3":"status-publish","4":"format-standard","5":"has-post-thumbnail","7":"category-aktualitet","8":"category-kryesore","9":"category-lajme"},"_links":{"self":[{"href":"https:\/\/zjarr.tv\/en\/wp-json\/wp\/v2\/posts\/265108","targetHints":{"allow":["GET"]}}],"collection":[{"href":"https:\/\/zjarr.tv\/en\/wp-json\/wp\/v2\/posts"}],"about":[{"href":"https:\/\/zjarr.tv\/en\/wp-json\/wp\/v2\/types\/post"}],"author":[{"embeddable":true,"href":"https:\/\/zjarr.tv\/en\/wp-json\/wp\/v2\/users\/2020"}],"replies":[{"embeddable":true,"href":"https:\/\/zjarr.tv\/en\/wp-json\/wp\/v2\/comments?post=265108"}],"version-history":[{"count":0,"href":"https:\/\/zjarr.tv\/en\/wp-json\/wp\/v2\/posts\/265108\/revisions"}],"wp:featuredmedia":[{"embeddable":true,"href":"https:\/\/zjarr.tv\/en\/wp-json\/wp\/v2\/media\/265112"}],"wp:attachment":[{"href":"https:\/\/zjarr.tv\/en\/wp-json\/wp\/v2\/media?parent=265108"}],"wp:term":[{"taxonomy":"category","embeddable":true,"href":"https:\/\/zjarr.tv\/en\/wp-json\/wp\/v2\/categories?post=265108"},{"taxonomy":"post_tag","embeddable":true,"href":"https:\/\/zjarr.tv\/en\/wp-json\/wp\/v2\/tags?post=265108"}],"curies":[{"name":"wp","href":"https:\/\/api.w.org\/{rel}","templated":true}]}}