{"id":265122,"date":"2022-06-18T14:32:34","date_gmt":"2022-06-18T12:32:34","guid":{"rendered":"https:\/\/zjarr.tv\/?p=265122"},"modified":"2022-06-18T14:32:34","modified_gmt":"2022-06-18T12:32:34","slug":"statistikat-per-shqiptaret-e-vrare-ne-ukraine-majko-akt-gangsteresh-nga-ambasada-e-rusise-ne-tirane","status":"publish","type":"post","link":"https:\/\/zjarr.tv\/en\/statistikat-per-shqiptaret-e-vrare-ne-ukraine-majko-akt-gangsteresh-nga-ambasada-e-rusise-ne-tirane\/","title":{"rendered":"Statistikat p\u00ebr \u201cshqiptar\u00ebt e vrar\u00eb\u201d n\u00eb Ukrain\u00eb, Majko: Akt gangster\u00ebsh nga Ambasada e Rusis\u00eb n\u00eb Tiran\u00eb"},"content":{"rendered":"<p>Deputeti socialist dhe ish-kryeministri i majt\u00eb Pandeli Mo, ka reaguar pas disa shifrave q\u00eb publikoi sot Ambasada e Rusis\u00eb n\u00eb Tiran\u00eb. Ai e quan nj\u00eb akt t\u00eb pap\u00ebrgjegjsh\u00ebm dhe gangster\u00ebsh, njoftimin e selis\u00eb diplomatike q\u00eb supozohet se ekziston p\u00ebr t\u00eb nd\u00ebrtuar marr\u00ebdh\u00ebnie.<\/p>\n<p>Referuar statistikave, si\u00e7 shihet dhe n\u00eb foton e m\u00ebposhtme, nga Shqip\u00ebria kan\u00eb shkuar n\u00eb Ukrain\u00eb prej 24 shkurtit kur nisi dhe lufta, 150 \u201cluft\u00ebtar\u00eb\u201d. Nga k\u00ebta, 42 raportohet se jan\u00eb eleminuar, 40 jan\u00eb deportuar dhe 68 t\u00eb tjer\u00eb vazhdojn\u00eb t\u00eb jen\u00eb akoma n\u00eb Ukrain\u00eb<\/p>\n<p>\u201cAmbasada e Federat\u00ebs Ruse ka nxjerr njoftimin p\u00ebr shqiptar\u00ebt e vrar\u00eb (sipas saj) nga ushtria ruse n\u00eb Ukrain\u00eb. https:\/\/www.facebook.com\/photo\/?fbid=334098682229096&amp;set=a.164645585841074<\/p>\n<p>Ky \u00ebsht\u00eb nj\u00eb akt i pap\u00ebrgjegjsh\u00ebm nga nj\u00eb godin\u00eb q\u00eb supozohet se ekziston p\u00ebr t\u00eb nd\u00ebrtuar mardh\u00ebnie dhe jo akte gangster\u00ebsh. Duke i b\u00ebr\u00eb t\u00eb tjer\u00ebt t\u00eb ken\u00eb frik\u00eb nga ty, nuk e ndryshon at\u00eb q\u00eb je n\u00eb t\u00eb v\u00ebrtet\u00eb\u201d, shkruan deputeti socialist Pandeli Majko.<\/p>","protected":false},"excerpt":{"rendered":"<p>Deputeti socialist dhe ish-kryeministri i majt\u00eb Pandeli Mo, ka reaguar pas disa shifrave q\u00eb publikoi sot Ambasada e Rusis\u00eb n\u00eb Tiran\u00eb. Ai e quan nj\u00eb akt t\u00eb pap\u00ebrgjegjsh\u00ebm dhe gangster\u00ebsh, njoftimin e selis\u00eb diplomatike q\u00eb supozohet se ekziston p\u00ebr t\u00eb nd\u00ebrtuar marr\u00ebdh\u00ebnie. Referuar statistikave, si\u00e7 shihet dhe n\u00eb foton e m\u00ebposhtme, nga Shqip\u00ebria kan\u00eb shkuar [&hellip;]<\/p>\n","protected":false},"author":2020,"featured_media":138036,"comment_status":"closed","ping_status":"closed","sticky":false,"template":"","format":"standard","meta":{"footnotes":""},"categories":[241,5380,231],"tags":[],"class_list":{"0":"post-265122","1":"post","2":"type-post","3":"status-publish","4":"format-standard","5":"has-post-thumbnail","7":"category-aktualitet","8":"category-kryesore","9":"category-lajme"},"_links":{"self":[{"href":"https:\/\/zjarr.tv\/en\/wp-json\/wp\/v2\/posts\/265122","targetHints":{"allow":["GET"]}}],"collection":[{"href":"https:\/\/zjarr.tv\/en\/wp-json\/wp\/v2\/posts"}],"about":[{"href":"https:\/\/zjarr.tv\/en\/wp-json\/wp\/v2\/types\/post"}],"author":[{"embeddable":true,"href":"https:\/\/zjarr.tv\/en\/wp-json\/wp\/v2\/users\/2020"}],"replies":[{"embeddable":true,"href":"https:\/\/zjarr.tv\/en\/wp-json\/wp\/v2\/comments?post=265122"}],"version-history":[{"count":0,"href":"https:\/\/zjarr.tv\/en\/wp-json\/wp\/v2\/posts\/265122\/revisions"}],"wp:featuredmedia":[{"embeddable":true,"href":"https:\/\/zjarr.tv\/en\/wp-json\/wp\/v2\/media\/138036"}],"wp:attachment":[{"href":"https:\/\/zjarr.tv\/en\/wp-json\/wp\/v2\/media?parent=265122"}],"wp:term":[{"taxonomy":"category","embeddable":true,"href":"https:\/\/zjarr.tv\/en\/wp-json\/wp\/v2\/categories?post=265122"},{"taxonomy":"post_tag","embeddable":true,"href":"https:\/\/zjarr.tv\/en\/wp-json\/wp\/v2\/tags?post=265122"}],"curies":[{"name":"wp","href":"https:\/\/api.w.org\/{rel}","templated":true}]}}