{"id":266053,"date":"2022-06-23T20:04:34","date_gmt":"2022-06-23T18:04:34","guid":{"rendered":"https:\/\/zjarr.tv\/?p=266053"},"modified":"2022-06-23T20:04:34","modified_gmt":"2022-06-23T18:04:34","slug":"ekspertja-e-integrimit-europian-rama-skandaloz-dhe-kunder-europes-tre-lajmet-e-keqija-qe-morem-sot-nga-brukseli","status":"publish","type":"post","link":"https:\/\/zjarr.tv\/en\/ekspertja-e-integrimit-europian-rama-skandaloz-dhe-kunder-europes-tre-lajmet-e-keqija-qe-morem-sot-nga-brukseli\/","title":{"rendered":"Ekspertja e integrimit europian: Rama skandaloz dhe kund\u00ebr Europ\u00ebs! Tre lajmet e k\u00ebqija q\u00eb mor\u00ebm sot nga Brukseli"},"content":{"rendered":"<p>Ekspertja e integrimit europian Ilda Zhulali komentoi n\u00eb edicionin e or\u00ebs 19:00 me Juli Krisafin n\u00eb Syri Tv vizit\u00ebn e Ram\u00ebs n\u00eb Bruksel.<\/p>\n<p>Zhulali tha se sot mor\u00ebm tre lajme t\u00eb k\u00ebqija nga Brukseli. Negociatat nuk u \u00e7el\u00ebn, konferenca e anuluar dhe deklaratat e Ram\u00ebs q\u00eb treguan se po shkon n\u00eb p\u00ebrplasje me Europ\u00ebn.<\/p>\n<p>&#8220;Mor\u00ebm lajmin p\u00ebr mos\u00e7eljen e negociatave t\u00eb an\u00ebtar\u00ebsimit.<\/p>\n<p>Lajmi i dyt\u00eb i keq ishte q\u00eb konferenca e p\u00ebrbashk\u00ebt BE-Ballkani Per\u00ebndimor u z\u00ebv\u00ebnd\u00ebsua nga nj\u00eb \u00e7arje e madhe e Ballkanit t\u00eb Hapur. Tek kjo konferenc\u00eb e Open Balkan nuk mori pjes\u00eb BE.<\/p>\n<p>Kjo konferenc\u00eb ishte lajmi m\u00eb i keq dhe i pamerituar p\u00ebr shqiptar\u00ebt dhe rajonin e Ballkanit Per\u00ebndimor.<\/p>\n<p>Gjuha e Ram\u00ebs ishte akoma m\u00eb skandaloze, n\u00eb kuptimin diplomatik dhe at\u00eb t\u00eb interesit ton\u00eb komb\u00ebtar.<\/p>\n<p>Erdhi nga nj\u00eb kryeminist\u00ebr q\u00eb ka d\u00ebshtuar disa her\u00eb n\u00eb marr\u00ebdh\u00ebniet me Europ\u00ebn. Vendos Shqip\u00ebrin\u00eb n\u00eb nj\u00eb pozit\u00eb jo komode dhe i c\u00ebnon t\u00eb ardhmen europiane.<\/p>\n<p>Rama n\u00eb vend q\u00eb t\u00eb p\u00ebrfshihet n\u00eb proces lobimi intensiv p\u00ebr nisjen e negociatave t\u00eb an\u00ebtar\u00ebsimit, b\u00ebri t\u00eb kund\u00ebrt\u00ebn, u angazhua p\u00ebr t&#8217;i imponuar Europ\u00ebs nj\u00eb vullnet t\u00eb tij t\u00eb ri q\u00eb ishte &#8216;Ballkani i Hapur&#8217;. Rama duket se ka vendosur t\u00eb shkoj\u00eb n\u00eb p\u00ebrplasje me Europ\u00ebn.\u201d-tha Zhulali.<\/p>","protected":false},"excerpt":{"rendered":"<p>Ekspertja e integrimit europian Ilda Zhulali komentoi n\u00eb edicionin e or\u00ebs 19:00 me Juli Krisafin n\u00eb Syri Tv vizit\u00ebn e Ram\u00ebs n\u00eb Bruksel. Zhulali tha se sot mor\u00ebm tre lajme t\u00eb k\u00ebqija nga Brukseli. Negociatat nuk u \u00e7el\u00ebn, konferenca e anuluar dhe deklaratat e Ram\u00ebs q\u00eb treguan se po shkon n\u00eb p\u00ebrplasje me Europ\u00ebn. &#8220;Mor\u00ebm [&hellip;]<\/p>\n","protected":false},"author":2030,"featured_media":266054,"comment_status":"closed","ping_status":"closed","sticky":false,"template":"","format":"standard","meta":{"footnotes":""},"categories":[241,3366,5380,231,1454],"tags":[],"class_list":{"0":"post-266053","1":"post","2":"type-post","3":"status-publish","4":"format-standard","5":"has-post-thumbnail","7":"category-aktualitet","8":"category-koment","9":"category-kryesore","10":"category-lajme","11":"category-politike"},"_links":{"self":[{"href":"https:\/\/zjarr.tv\/en\/wp-json\/wp\/v2\/posts\/266053","targetHints":{"allow":["GET"]}}],"collection":[{"href":"https:\/\/zjarr.tv\/en\/wp-json\/wp\/v2\/posts"}],"about":[{"href":"https:\/\/zjarr.tv\/en\/wp-json\/wp\/v2\/types\/post"}],"author":[{"embeddable":true,"href":"https:\/\/zjarr.tv\/en\/wp-json\/wp\/v2\/users\/2030"}],"replies":[{"embeddable":true,"href":"https:\/\/zjarr.tv\/en\/wp-json\/wp\/v2\/comments?post=266053"}],"version-history":[{"count":0,"href":"https:\/\/zjarr.tv\/en\/wp-json\/wp\/v2\/posts\/266053\/revisions"}],"wp:featuredmedia":[{"embeddable":true,"href":"https:\/\/zjarr.tv\/en\/wp-json\/wp\/v2\/media\/266054"}],"wp:attachment":[{"href":"https:\/\/zjarr.tv\/en\/wp-json\/wp\/v2\/media?parent=266053"}],"wp:term":[{"taxonomy":"category","embeddable":true,"href":"https:\/\/zjarr.tv\/en\/wp-json\/wp\/v2\/categories?post=266053"},{"taxonomy":"post_tag","embeddable":true,"href":"https:\/\/zjarr.tv\/en\/wp-json\/wp\/v2\/tags?post=266053"}],"curies":[{"name":"wp","href":"https:\/\/api.w.org\/{rel}","templated":true}]}}