{"id":266057,"date":"2022-06-23T20:05:59","date_gmt":"2022-06-23T18:05:59","guid":{"rendered":"https:\/\/zjarr.tv\/?p=266057"},"modified":"2022-06-23T20:05:59","modified_gmt":"2022-06-23T18:05:59","slug":"erl-murati-rama-injoroi-ne-mars-ftesen-e-kryeministrit-te-bullgarise-si-ktheu-as-pergjigje","status":"publish","type":"post","link":"https:\/\/zjarr.tv\/en\/erl-murati-rama-injoroi-ne-mars-ftesen-e-kryeministrit-te-bullgarise-si-ktheu-as-pergjigje\/","title":{"rendered":"Erl Murati: Rama injoroi n\u00eb mars ftes\u00ebn e kryeministrit t\u00eb Bullgaris\u00eb! S&#8217;i ktheu as p\u00ebrgjigje"},"content":{"rendered":"<p>Gazetari Erl Murati teksa komentoi n\u00eb emisionin &#8216;Task Force&#8217; n\u00eb Syri Tv vizit\u00ebn dhe deklarat\u00ebn e Ram\u00ebs n\u00eb Bruksel, tregoi se kryeministri ka refuzuar ftes\u00ebn e kryeministrit bullgar p\u00ebr nj\u00eb takim n\u00eb Sofie n\u00eb muajin mars n\u00eb lidhje me integrimin n\u00eb BE.<\/p>\n<p>Sipas Muratit, kryeministri Edi Rama jo vet\u00ebm q\u00eb nuk ka shkuar p\u00ebr takimin n\u00eb Sofie, por e ka injoruar totalisht duke mos i kthyer p\u00ebrgjigje homologut t\u00eb tij.<\/p>\n<p>&#8220;I b\u00ebri ftes\u00eb zyrtare p\u00ebr n\u00eb Sofie, kryeministri yn\u00eb jo vet\u00ebm q\u00eb nuk ka shkuar atje por nuk denjoi protokolli t\u2019i kthej\u00eb p\u00ebrgjigje zyrtare ftes\u00ebs q\u00eb ne pranojm\u00eb ose jo.<\/p>\n<p>Kjo ftes\u00eb \u00ebsht\u00eb l\u00ebn\u00eb pa p\u00ebrgjigje. Nj\u00eb muaj m\u00eb von\u00eb, n\u00eb prill shkoi Meta, e ftoi Presidenti i Bullgaris\u00eb.<\/p>\n<p>Nuk ka prishje marr\u00ebdh\u00ebniesh, por arroganc\u00eb, raporti yn\u00eb me vendet e BE, duhet t\u00eb jet\u00eb i denj\u00eb p\u00ebr nj\u00eb vend q\u00eb do t\u00eb hap\u00eb negociatat me BE. S\u2019kemi luksin t\u2019i b\u00ebjm\u00eb Presion BE-s\u00eb n\u00ebse s\u2019na hapni negociatat.\u201d-tha Murati.<\/p>","protected":false},"excerpt":{"rendered":"<p>Gazetari Erl Murati teksa komentoi n\u00eb emisionin &#8216;Task Force&#8217; n\u00eb Syri Tv vizit\u00ebn dhe deklarat\u00ebn e Ram\u00ebs n\u00eb Bruksel, tregoi se kryeministri ka refuzuar ftes\u00ebn e kryeministrit bullgar p\u00ebr nj\u00eb takim n\u00eb Sofie n\u00eb muajin mars n\u00eb lidhje me integrimin n\u00eb BE. Sipas Muratit, kryeministri Edi Rama jo vet\u00ebm q\u00eb nuk ka shkuar p\u00ebr takimin [&hellip;]<\/p>\n","protected":false},"author":2030,"featured_media":266059,"comment_status":"closed","ping_status":"closed","sticky":false,"template":"","format":"standard","meta":{"footnotes":""},"categories":[241,3366,5380,231,1454],"tags":[],"class_list":{"0":"post-266057","1":"post","2":"type-post","3":"status-publish","4":"format-standard","5":"has-post-thumbnail","7":"category-aktualitet","8":"category-koment","9":"category-kryesore","10":"category-lajme","11":"category-politike"},"_links":{"self":[{"href":"https:\/\/zjarr.tv\/en\/wp-json\/wp\/v2\/posts\/266057","targetHints":{"allow":["GET"]}}],"collection":[{"href":"https:\/\/zjarr.tv\/en\/wp-json\/wp\/v2\/posts"}],"about":[{"href":"https:\/\/zjarr.tv\/en\/wp-json\/wp\/v2\/types\/post"}],"author":[{"embeddable":true,"href":"https:\/\/zjarr.tv\/en\/wp-json\/wp\/v2\/users\/2030"}],"replies":[{"embeddable":true,"href":"https:\/\/zjarr.tv\/en\/wp-json\/wp\/v2\/comments?post=266057"}],"version-history":[{"count":0,"href":"https:\/\/zjarr.tv\/en\/wp-json\/wp\/v2\/posts\/266057\/revisions"}],"wp:featuredmedia":[{"embeddable":true,"href":"https:\/\/zjarr.tv\/en\/wp-json\/wp\/v2\/media\/266059"}],"wp:attachment":[{"href":"https:\/\/zjarr.tv\/en\/wp-json\/wp\/v2\/media?parent=266057"}],"wp:term":[{"taxonomy":"category","embeddable":true,"href":"https:\/\/zjarr.tv\/en\/wp-json\/wp\/v2\/categories?post=266057"},{"taxonomy":"post_tag","embeddable":true,"href":"https:\/\/zjarr.tv\/en\/wp-json\/wp\/v2\/tags?post=266057"}],"curies":[{"name":"wp","href":"https:\/\/api.w.org\/{rel}","templated":true}]}}