{"id":266100,"date":"2022-06-24T08:55:25","date_gmt":"2022-06-24T06:55:25","guid":{"rendered":"https:\/\/zjarr.tv\/?p=266100"},"modified":"2022-06-24T08:55:25","modified_gmt":"2022-06-24T06:55:25","slug":"monika-kryemadhi-paralajmeron-zhvillime-do-publikoje-provat-me-fotografi-jane-fshehur-170-milione-dollar","status":"publish","type":"post","link":"https:\/\/zjarr.tv\/en\/monika-kryemadhi-paralajmeron-zhvillime-do-publikoje-provat-me-fotografi-jane-fshehur-170-milione-dollar\/","title":{"rendered":"Monika Kryemadhi paralajm\u00ebron \u201czhvillime\u201d: Do publikoj\u00eb provat me fotografi, jan\u00eb fshehur 170 milion\u00eb dollar"},"content":{"rendered":"<p>Kryetarja e LSI-s\u00eb Monika Kryemadhi, paralajm\u00ebron zhvillime t\u00eb r\u00ebnd\u00ebsishme n\u00eb dit\u00ebt n\u00eb vazhdim. Mbr\u00ebmjen e sotme ajo \u00ebsht\u00eb shprehur se do t\u00eb publikoj\u00eb fotografi me prova, p\u00ebr nj\u00eb evazion fiskal n\u00eb shum\u00eb e 170 milion\u00eb eurove.<\/p>\n<p>\u201cJan\u00eb fshehur 170 milion\u00eb dollar\u00eb. Kjo do t\u00eb thot\u00eb se 170 milion\u00eb dollar\u00eb u jan\u00eb fshehur zyrave t\u00eb taksapaguesve shqiptar\u00eb. Do t\u2019ju b\u00ebj publike jav\u00ebn e ardhshme, jo dallavere rrug\u00ebsh, por fatura me fotografi, me num\u00ebr fature dhe me emra t\u00eb lidhur drejtp\u00ebrdrejt\u00eb me kompanit\u00eb e incenerator\u00ebve\u201d, tha Kryemadhi.<\/p>\n<p>Kryetarja e LSI tha se, sipas saj, Bashkimi Europian e ka n\u00eb dor\u00eb dosjen e incenerator\u00ebve. Kryemadhi tregoi se shum\u00eb shpejt kjo dosje do t\u00eb jet\u00eb edhe n\u00eb duart e prokuror\u00ebve speciale t\u00eb SPAK.  <\/p>\n<p>\u201cKe nj\u00eb rast unikal, \u00e7\u00ebshtja e incenerator\u00ebve, q\u00eb mbahet peng. BE, nuk shohin zyrat e BE n\u00eb Shqip\u00ebri por BE e ka dosjen e incenerator\u00ebve mbi tavolin\u00eb. Shum\u00eb shpejt\u00eb, edhe SPAK-u, edhe opinioni publik do t\u00eb ken\u00eb nj\u00eb dosje me evazion fiskal mbi 170 milion\u00eb dollar\u00eb t\u00eb kompanive t\u00eb incenerator\u00ebve.<\/p>\n<p>Jan\u00eb fshehur 170 milion\u00eb dollar\u00eb. Kjo do t\u00eb thot\u00eb se 170 milion\u00eb dollar\u00eb u jan\u00eb fshehur zyrave t\u00eb taksapaguesve shqiptar\u00eb. Do t\u2019ju b\u00ebj publike jav\u00ebn e ardhshme, jo dallavere rrug\u00ebsh, por fatura me fotografi, me num\u00ebr fature dhe me emra t\u00eb lidhur drejtp\u00ebrdrejt\u00eb me kompanit\u00eb e incenerator\u00ebve.<\/p>\n<p>Ka dosje shtes\u00eb t\u00eb incenerator\u00ebve q\u00eb konfirmon q\u00eb kan\u00eb b\u00ebr\u00eb 170 milion\u00eb dollar\u00eb evazion fiskal. Do ta b\u00ebj publike jav\u00ebn tjet\u00ebr dhe do ta dor\u00ebzoj pastaj\u201d, u shpreh kryetarja e LSI Monika Kryemadhi, e ftuar n\u00eb emisionin \u201cT\u00eb Paekspozuarit\u201d.<\/p>","protected":false},"excerpt":{"rendered":"<p>Kryetarja e LSI-s\u00eb Monika Kryemadhi, paralajm\u00ebron zhvillime t\u00eb r\u00ebnd\u00ebsishme n\u00eb dit\u00ebt n\u00eb vazhdim. Mbr\u00ebmjen e sotme ajo \u00ebsht\u00eb shprehur se do t\u00eb publikoj\u00eb fotografi me prova, p\u00ebr nj\u00eb evazion fiskal n\u00eb shum\u00eb e 170 milion\u00eb eurove. \u201cJan\u00eb fshehur 170 milion\u00eb dollar\u00eb. Kjo do t\u00eb thot\u00eb se 170 milion\u00eb dollar\u00eb u jan\u00eb fshehur zyrave t\u00eb taksapaguesve [&hellip;]<\/p>\n","protected":false},"author":2031,"featured_media":266101,"comment_status":"closed","ping_status":"closed","sticky":false,"template":"","format":"standard","meta":{"footnotes":""},"categories":[241,231,235],"tags":[],"class_list":{"0":"post-266100","1":"post","2":"type-post","3":"status-publish","4":"format-standard","5":"has-post-thumbnail","7":"category-aktualitet","8":"category-lajme","9":"category-vendi"},"_links":{"self":[{"href":"https:\/\/zjarr.tv\/en\/wp-json\/wp\/v2\/posts\/266100","targetHints":{"allow":["GET"]}}],"collection":[{"href":"https:\/\/zjarr.tv\/en\/wp-json\/wp\/v2\/posts"}],"about":[{"href":"https:\/\/zjarr.tv\/en\/wp-json\/wp\/v2\/types\/post"}],"author":[{"embeddable":true,"href":"https:\/\/zjarr.tv\/en\/wp-json\/wp\/v2\/users\/2031"}],"replies":[{"embeddable":true,"href":"https:\/\/zjarr.tv\/en\/wp-json\/wp\/v2\/comments?post=266100"}],"version-history":[{"count":0,"href":"https:\/\/zjarr.tv\/en\/wp-json\/wp\/v2\/posts\/266100\/revisions"}],"wp:featuredmedia":[{"embeddable":true,"href":"https:\/\/zjarr.tv\/en\/wp-json\/wp\/v2\/media\/266101"}],"wp:attachment":[{"href":"https:\/\/zjarr.tv\/en\/wp-json\/wp\/v2\/media?parent=266100"}],"wp:term":[{"taxonomy":"category","embeddable":true,"href":"https:\/\/zjarr.tv\/en\/wp-json\/wp\/v2\/categories?post=266100"},{"taxonomy":"post_tag","embeddable":true,"href":"https:\/\/zjarr.tv\/en\/wp-json\/wp\/v2\/tags?post=266100"}],"curies":[{"name":"wp","href":"https:\/\/api.w.org\/{rel}","templated":true}]}}