{"id":266108,"date":"2022-06-24T09:08:22","date_gmt":"2022-06-24T07:08:22","guid":{"rendered":"https:\/\/zjarr.tv\/?p=266108"},"modified":"2022-06-24T09:08:22","modified_gmt":"2022-06-24T07:08:22","slug":"kryebashkiaku-veliaj-per-vjosa-berishen-linde-si-dielli-dhe-mbete-lart-ne-qiell-per-te-mos-perenduar-asnjehere","status":"publish","type":"post","link":"https:\/\/zjarr.tv\/en\/kryebashkiaku-veliaj-per-vjosa-berishen-linde-si-dielli-dhe-mbete-lart-ne-qiell-per-te-mos-perenduar-asnjehere\/","title":{"rendered":"Kryebashkiaku Veliaj p\u00ebr Vjosa Berish\u00ebn: Linde si dielli dhe mbete lart n\u00eb qiell p\u00ebr t\u00eb mos per\u00ebnduar asnj\u00ebher\u00eb!"},"content":{"rendered":"<p>Kryetari i Bashkis\u00eb s\u00eb Tiran\u00ebs Erion Veliaj ka shprehur ngush\u00ebllimet p\u00ebr ndarjen nga jeta t\u00eb regjisores s\u00eb njohur Vjosa Berisha. Teksa ka postuar nj\u00eb foto t\u00eb vjet\u00ebr me Vjos\u00ebn dhe bashk\u00ebshortin e saj Fatos Berisha, Veliaj shkruan: \u201cLinde si dielli dhe mbete lart n\u00eb qiell p\u00ebr t\u00eb mos per\u00ebnduar asnj\u00ebher\u00eb! Do na mungosh shum\u00eb!<\/p>\n<p>Lamtumir\u00eb Vjosa jon\u00eb e dashur\u201d. Vjosa Berisha ishte themeluese e festivalit PriFilmFest. E diplomuar n\u00eb master t\u00eb Arteve n\u00eb Media dhe Komunikim nga Universiteti i Westminster, Lond\u00ebr n\u00eb Mbret\u00ebrin\u00eb e Bashkuar dhe me nj\u00eb diplom\u00eb pasuniversitare n\u00eb Diplomaci Bashk\u00ebkohore nga Universiteti i Malt\u00ebs, n\u00eb Malt\u00eb, Vjosa Berisha ka pasur p\u00ebrvoj\u00eb mbi 20 vjet n\u00eb industrin\u00eb e filmit.<\/p>\n<p>Q\u00eb nga viti 2013-t\u00eb, Vjosa Berisha \u00ebsht\u00eb gjithashtu an\u00ebtare e Akademis\u00eb Evropiane t\u00eb Filmit.<\/p>","protected":false},"excerpt":{"rendered":"<p>Kryetari i Bashkis\u00eb s\u00eb Tiran\u00ebs Erion Veliaj ka shprehur ngush\u00ebllimet p\u00ebr ndarjen nga jeta t\u00eb regjisores s\u00eb njohur Vjosa Berisha. Teksa ka postuar nj\u00eb foto t\u00eb vjet\u00ebr me Vjos\u00ebn dhe bashk\u00ebshortin e saj Fatos Berisha, Veliaj shkruan: \u201cLinde si dielli dhe mbete lart n\u00eb qiell p\u00ebr t\u00eb mos per\u00ebnduar asnj\u00ebher\u00eb! Do na mungosh shum\u00eb! Lamtumir\u00eb [&hellip;]<\/p>\n","protected":false},"author":2031,"featured_media":266109,"comment_status":"closed","ping_status":"closed","sticky":false,"template":"","format":"standard","meta":{"footnotes":""},"categories":[241,231,235],"tags":[],"class_list":{"0":"post-266108","1":"post","2":"type-post","3":"status-publish","4":"format-standard","5":"has-post-thumbnail","7":"category-aktualitet","8":"category-lajme","9":"category-vendi"},"_links":{"self":[{"href":"https:\/\/zjarr.tv\/en\/wp-json\/wp\/v2\/posts\/266108","targetHints":{"allow":["GET"]}}],"collection":[{"href":"https:\/\/zjarr.tv\/en\/wp-json\/wp\/v2\/posts"}],"about":[{"href":"https:\/\/zjarr.tv\/en\/wp-json\/wp\/v2\/types\/post"}],"author":[{"embeddable":true,"href":"https:\/\/zjarr.tv\/en\/wp-json\/wp\/v2\/users\/2031"}],"replies":[{"embeddable":true,"href":"https:\/\/zjarr.tv\/en\/wp-json\/wp\/v2\/comments?post=266108"}],"version-history":[{"count":0,"href":"https:\/\/zjarr.tv\/en\/wp-json\/wp\/v2\/posts\/266108\/revisions"}],"wp:featuredmedia":[{"embeddable":true,"href":"https:\/\/zjarr.tv\/en\/wp-json\/wp\/v2\/media\/266109"}],"wp:attachment":[{"href":"https:\/\/zjarr.tv\/en\/wp-json\/wp\/v2\/media?parent=266108"}],"wp:term":[{"taxonomy":"category","embeddable":true,"href":"https:\/\/zjarr.tv\/en\/wp-json\/wp\/v2\/categories?post=266108"},{"taxonomy":"post_tag","embeddable":true,"href":"https:\/\/zjarr.tv\/en\/wp-json\/wp\/v2\/tags?post=266108"}],"curies":[{"name":"wp","href":"https:\/\/api.w.org\/{rel}","templated":true}]}}