{"id":266376,"date":"2022-06-25T13:40:38","date_gmt":"2022-06-25T11:40:38","guid":{"rendered":"https:\/\/zjarr.tv\/?p=266376"},"modified":"2022-06-25T13:40:38","modified_gmt":"2022-06-25T11:40:38","slug":"kujt-i-duhet-dhe-perse-tani-amnistia-fiskale-deputetja-e-pd-falen-ata-qe-kane-kryer-vjedhje-e-akte-korruptive-duke-u-pasuruar","status":"publish","type":"post","link":"https:\/\/zjarr.tv\/en\/kujt-i-duhet-dhe-perse-tani-amnistia-fiskale-deputetja-e-pd-falen-ata-qe-kane-kryer-vjedhje-e-akte-korruptive-duke-u-pasuruar\/","title":{"rendered":"Kujt i duhet dhe p\u00ebrse tani amnistia fiskale? Deputetja e PD: Falen ata q\u00eb kan\u00eb kryer vjedhje e akte korruptive duke u pasuruar"},"content":{"rendered":"<p>Deputetja e PD, Jorida Tabaku ka akuzuar qeverin\u00eb se me projektligjin p\u00ebr amnistin\u00eb fiskale, synon t\u00eb fal\u00eb persona q\u00eb kan\u00eb kryer vjedhje dhe akte korruptive p\u00ebr t\u2019u pasuruar.<\/p>\n<p>\u201cE gjith\u00eb esenca e projektligjit rrotullohet n\u00eb k\u00ebmb\u00ebnguljen e qeveris\u00eb p\u00ebr t\u00eb falur ato persona q\u00eb kan\u00eb kryer vjedhje, abuzime dhe akte korruptive duke u pasuruar. Sipas projektligjit personat q\u00eb kan\u00eb fshehur pasurit\u00eb e tyre t\u00eb fituara p\u00ebrmes vjedhjes, korrupsionit apo krimeve t\u00eb tjera p\u00ebrfshir\u00eb n\u00eb kodin penal do t\u00eb p\u00ebrjashtohen nga ndjekja penale n\u00ebse deklarojn\u00eb pasurit\u00eb e tyre brenda dhe jasht\u00eb territorit t\u00eb Shqip\u00ebris\u00eb\u201d, shkruan Tabaku n\u00eb nj\u00eb postim n\u00eb rrjetet sociale.<\/p>\n<p>Tabaku thekson se dalja e k\u00ebtij ligji p\u00ebr konsultim pik\u00ebrisht dit\u00ebn kur Shqip\u00ebria nuk avancon p\u00ebr konferenc\u00ebn e par\u00eb nd\u00ebrqeveritare \u201c\u00ebsht\u00eb nj\u00eb sinjal i keq presioni p\u00ebr t\u00eb treguar se kush do jet\u00eb drejtimi i Shqip\u00ebris\u00eb\u201d.<\/p>\n<p>Postimi i plot\u00eb nga Jorida Tabaku:<\/p>\n<p>Kujt i duhet dhe p\u00ebrse tani amnistia fiskale?<\/p>\n<p>Qeveria ka nxjerr\u00eb dit\u00ebn e djeshme p\u00ebr k\u00ebshillin publik variantin e fundit (sipas saj) t\u00eb amnistis\u00eb fiskale. E maskuar si nj\u00eb amnisti fiskale projektligji vazhdon t\u00eb jet\u00eb thuajse 90% identik n\u00eb gjith\u00e7ka me propozimin e vjet\u00ebr t\u00eb para tre viteve p\u00ebr t\u00eb cilin kam folur e debatuar gjer\u00ebsisht.<\/p>\n<p>E gjith\u00eb esenca e projektligjit rrotullohet n\u00eb k\u00ebmb\u00ebnguljen e qeveris\u00eb p\u00ebr t\u00eb falur ato persona q\u00eb kan\u00eb kryer vjedhje, abuzime dhe akte korruptive duke u pasuruar.<\/p>\n<p>Sipas projektligjit personat q\u00eb kan\u00eb fshehur pasurit\u00eb e tyre t\u00eb fituara p\u00ebrmes vjedhjes, korrupsionit apo krimeve t\u00eb tjera p\u00ebrfshir\u00eb n\u00eb kodin penal do t\u00eb p\u00ebrjashtohen nga ndjekja penale n\u00ebse deklarojn\u00eb pasurit\u00eb e tyre brenda dhe jasht\u00eb territorit t\u00eb Shqip\u00ebris\u00eb.<\/p>\n<p>Vendi m\u00eb i korruptuar n\u00eb Europ\u00eb, qeveria m\u00eb e korruptuar n\u00eb Europ\u00eb skandalet e s\u00eb cil\u00ebs p\u00ebrdit\u00eb sot po angazhohet n\u00eb k\u00ebt\u00eb luft\u00eb kund\u00ebr ndershm\u00ebris\u00eb dhe n\u00eb favor t\u00eb korrupsionit.<\/p>\n<p>Draft ligji favorizon ato q\u00eb p\u00ebr 30 vite kan\u00eb fshehur pasurit\u00eb dhe nd\u00ebshkon ato q\u00eb p\u00ebr 30 vite kan\u00eb paguar nj\u00eb m\u00eb nj\u00eb taksat dhe kan\u00eb qen\u00eb korrekt me ligjin dhe shoq\u00ebrin\u00eb.<\/p>\n<p>\u00cbsht\u00eb nj\u00eb rrug\u00eb e pandershme p\u00ebr t\u00eb mbrojtur me ligj ato q\u00eb kan\u00eb fshehur pasurit\u00eb e tyre korruptive duke i ruajtur me fanatiz\u00ebm fsheht\u00ebsin\u00eb e identitetit dhe deklarimit duke promovuar k\u00ebshtu ilegalin dhe banditin e mundsh\u00ebm p\u00ebrpara qytetarit dhe ndershm\u00ebris\u00eb s\u00eb k\u00ebtij t\u00eb fundit.<\/p>\n<p>Amnistimi i pasurive deri n\u00eb 2 mln euro nuk ka asnj\u00eb baz\u00eb dhe lidhje me emigrant\u00ebt q\u00eb kan\u00eb vite q\u00eb jetojn\u00eb e punojn\u00eb jasht\u00eb edhe q\u00eb vazhdimisht kan\u00eb kontribuar n\u00eb vendin e tyre. Amnistia fiskale dhe penale e kthen n\u00eb legale procesin e pastrimit t\u00eb parave nd\u00ebrsa vendi \u00ebsht\u00eb n\u00ebn monitorim t\u00eb ngusht\u00eb nga MoneVval dhe nj\u00eb s\u00ebr\u00eb institucionesh t\u00eb tjera nd\u00ebrkomb\u00ebtare.<\/p>\n<p>Kjo amnistini shkat\u00ebrron konkurrenc\u00ebn n\u00eb treg, barazin\u00eb para ligjit dhe pun\u00ebn e ndershme. Promovon informalitetin, shmangien e taksave, legalizimin e shkeljes s\u00eb ligjit: Sot vler\u00ebsohet ai q\u00eb e shkel ligjin jo ai q\u00eb e respekton. Sot penalizohet ai q\u00eb e respekton shtetin jo ai q\u00eb punon me forma t\u00eb kundra ligjshme p\u00ebr t\u00eb minuar rregullat e shoq\u00ebris\u00eb son\u00eb.<\/p>\n<p>Nuk p\u00ebrb\u00ebn habi kjo pasi shefi i mazhoranc\u00ebs ka treguar me inkriminim e politik\u00ebs, p\u00ebrfshirjen e krimit t\u00eb organizuar dhe korrupsionin galopant respektin e tij p\u00ebr ligjin.<\/p>\n<p>Dalja e k\u00ebtij ligji p\u00ebr konsultim pik\u00ebrisht dit\u00ebn kur Shqip\u00ebria nuk avancon p\u00ebr konferenc\u00ebn e par\u00eb nd\u00ebrqeveritare \u00ebsht\u00eb nj\u00eb sinjal i keq presioni p\u00ebr t\u00eb treguar se kush do jet\u00eb drejtimi i Shqip\u00ebris\u00eb. Kjo \u201cpengmarrje\u201d e ligj b\u00ebrjes dhe k\u00ebto ligje me porosi pa shkat\u00ebrrojn\u00eb ekonomin\u00eb e tregut!<\/p>","protected":false},"excerpt":{"rendered":"<p>Deputetja e PD, Jorida Tabaku ka akuzuar qeverin\u00eb se me projektligjin p\u00ebr amnistin\u00eb fiskale, synon t\u00eb fal\u00eb persona q\u00eb kan\u00eb kryer vjedhje dhe akte korruptive p\u00ebr t\u2019u pasuruar. \u201cE gjith\u00eb esenca e projektligjit rrotullohet n\u00eb k\u00ebmb\u00ebnguljen e qeveris\u00eb p\u00ebr t\u00eb falur ato persona q\u00eb kan\u00eb kryer vjedhje, abuzime dhe akte korruptive duke u pasuruar. Sipas [&hellip;]<\/p>\n","protected":false},"author":2020,"featured_media":266377,"comment_status":"closed","ping_status":"closed","sticky":false,"template":"","format":"standard","meta":{"footnotes":""},"categories":[241,5380,231],"tags":[],"class_list":{"0":"post-266376","1":"post","2":"type-post","3":"status-publish","4":"format-standard","5":"has-post-thumbnail","7":"category-aktualitet","8":"category-kryesore","9":"category-lajme"},"_links":{"self":[{"href":"https:\/\/zjarr.tv\/en\/wp-json\/wp\/v2\/posts\/266376","targetHints":{"allow":["GET"]}}],"collection":[{"href":"https:\/\/zjarr.tv\/en\/wp-json\/wp\/v2\/posts"}],"about":[{"href":"https:\/\/zjarr.tv\/en\/wp-json\/wp\/v2\/types\/post"}],"author":[{"embeddable":true,"href":"https:\/\/zjarr.tv\/en\/wp-json\/wp\/v2\/users\/2020"}],"replies":[{"embeddable":true,"href":"https:\/\/zjarr.tv\/en\/wp-json\/wp\/v2\/comments?post=266376"}],"version-history":[{"count":0,"href":"https:\/\/zjarr.tv\/en\/wp-json\/wp\/v2\/posts\/266376\/revisions"}],"wp:featuredmedia":[{"embeddable":true,"href":"https:\/\/zjarr.tv\/en\/wp-json\/wp\/v2\/media\/266377"}],"wp:attachment":[{"href":"https:\/\/zjarr.tv\/en\/wp-json\/wp\/v2\/media?parent=266376"}],"wp:term":[{"taxonomy":"category","embeddable":true,"href":"https:\/\/zjarr.tv\/en\/wp-json\/wp\/v2\/categories?post=266376"},{"taxonomy":"post_tag","embeddable":true,"href":"https:\/\/zjarr.tv\/en\/wp-json\/wp\/v2\/tags?post=266376"}],"curies":[{"name":"wp","href":"https:\/\/api.w.org\/{rel}","templated":true}]}}