{"id":266385,"date":"2022-06-25T14:15:04","date_gmt":"2022-06-25T12:15:04","guid":{"rendered":"https:\/\/zjarr.tv\/?p=266385"},"modified":"2022-06-25T14:15:04","modified_gmt":"2022-06-25T12:15:04","slug":"ua-premtojne-cdo-pale-zgjedhje-banoret-e-uznoves-30-vite-me-shtepi-por-pa-dokumente","status":"publish","type":"post","link":"https:\/\/zjarr.tv\/en\/ua-premtojne-cdo-pale-zgjedhje-banoret-e-uznoves-30-vite-me-shtepi-por-pa-dokumente\/","title":{"rendered":"Ua premtojn\u00eb \u00e7do pal\u00eb zgjedhje, banor\u00ebt e Uznov\u00ebs 30 vite me sht\u00ebpi, por pa dokumente"},"content":{"rendered":"<p>Banor\u00ebt e lagjes periferike t\u00eb qytetit t\u00eb Beratit, lagjes \u201cUznov\u00eb\u201d kan\u00eb k\u00ebrkuar sot ndihm\u00ebn e mediave p\u00ebr nj\u00eb nga problematikat m\u00eb t\u00eb m\u00ebdha q\u00eb mbart kjo lagje (dikur fshat), q\u00eb \u00ebsht\u00eb regjistrimi i pronave t\u00eb tyre (truall dhe toka).<\/p>\n<p>M\u00eb shum\u00eb se dy jav\u00eb m\u00eb par\u00eb, n\u00eb 7 qershor, 32 banor\u00eb t\u00eb k\u00ebsaj lagjeje kan\u00eb firmosur nj\u00eb peticion n\u00eb em\u00ebr t\u00eb t\u00eb gjith\u00eb banor\u00ebve dhe ja kan\u00eb d\u00ebrguar Prefektur\u00ebs s\u00eb Qarkut Berat, Drejtorit t\u00eb P\u00ebrgjithsh\u00ebm t\u00eb ASHK-s\u00eb Artan Lame dhe deputet\u00ebve t\u00eb qarkut por ende nuk kan\u00eb marr\u00eb prej tyre nj\u00eb p\u00ebrgjigje.<\/p>\n<p>N\u00ebp\u00ebrmjet k\u00ebtij peticioni, banor\u00ebt kan\u00eb k\u00ebrkuar nj\u00eb ballafaqim me p\u00ebrfaq\u00ebsuesit e institucioneve t\u00eb sip\u00ebrp\u00ebrmendura, p\u00ebr t\u00eb zgjidhur problemet e mbartuara nd\u00ebr vite t\u00eb regjistrimit t\u00eb pronave.<\/p>\n<p>\u2018M\u00eb k\u00ebrkuan t\u00eb lejoja t\u00eb ishte kirurg i par\u00eb nj\u00eb mjek q\u00eb linte p\u00ebr t\u00eb d\u00ebshiruar\u2019, Edvin Prifti zbulon prapaskenat e sulmeve ndaj tij<\/p>\n<p>Q\u00ebndroi dy or\u00eb n\u00eb tarrac\u00ebn e pallatit duke k\u00ebrc\u00ebnuar se do t\u00eb hidhej, zbret nga lart\u00ebsia 50-vje\u00e7ari n\u00eb Berat (Video)<\/p>\n<p>Banor\u00ebt e Uznov\u00ebs k\u00ebrkojn\u00eb ti jepet fund sorrollatjeve lidhur me regjistrimin e pronave pasi-si\u00e7 edhe ata shprehen-kan\u00eb afro 30-vjet q\u00eb dergjen dyerve t\u00eb zyrave, duke u b\u00ebr\u00eb viktima t\u00eb disa mashtruesve q\u00eb punojn\u00eb n\u00eb ASHK Berat,t\u00eb cil\u00ebt p\u00ebr arsye p\u00ebrfitimi shfaqin paaft\u00ebsi profesionale.<\/p>\n<p>Q\u00eb prej vitit 1992 Uznova \u00ebsht\u00eb lagje e qytetit t\u00eb Beratit por ata ende nuk kan\u00eb kryer regjistrimin e pasurive t\u00eb tyre, qoft\u00eb trruall qoft\u00eb toka. Banor\u00ebt k\u00ebrkojn\u00eb korrigjimin e gabimeve t\u00eb konstatuara n\u00eb \u00c7ertifikatat e Pron\u00ebsis\u00eb dhe korrigjimin e gabimeve n\u00eb AMTP lidhur me sip\u00ebrfaqet e trojeve p\u00ebr nd\u00ebrtime masive, bashk\u00ebpron\u00ebsi dhe sakt\u00ebsim kufiri.<\/p>\n<p>Banor\u00ebt deklarojn\u00eb se Uznova nuk ka mbivendosje dhe t\u00eb gjitha trojet deri n\u00eb vitin 1992 origjin\u00ebn e kan\u00eb nga prona shtet. Banor\u00ebt deklarojn\u00eb se,n\u00eb arkiv\u00ebn e qarkut Berat mungojn\u00eb dokumentat e K\u00ebshillit t\u00eb Bashkuar t\u00eb NB (Nd\u00ebrmarrjes Bujq\u00ebsore q\u00eb ka q\u00ebn\u00eb dikur) p\u00ebr vitet 1990,1991 dhe 1992,t\u00eb cilat jan\u00eb asgjesuar n\u00eb vitet e tranzicionit.<\/p>","protected":false},"excerpt":{"rendered":"<p>Banor\u00ebt e lagjes periferike t\u00eb qytetit t\u00eb Beratit, lagjes \u201cUznov\u00eb\u201d kan\u00eb k\u00ebrkuar sot ndihm\u00ebn e mediave p\u00ebr nj\u00eb nga problematikat m\u00eb t\u00eb m\u00ebdha q\u00eb mbart kjo lagje (dikur fshat), q\u00eb \u00ebsht\u00eb regjistrimi i pronave t\u00eb tyre (truall dhe toka). M\u00eb shum\u00eb se dy jav\u00eb m\u00eb par\u00eb, n\u00eb 7 qershor, 32 banor\u00eb t\u00eb k\u00ebsaj lagjeje kan\u00eb [&hellip;]<\/p>\n","protected":false},"author":2020,"featured_media":266386,"comment_status":"closed","ping_status":"closed","sticky":false,"template":"","format":"standard","meta":{"footnotes":""},"categories":[241,5380,231],"tags":[],"class_list":{"0":"post-266385","1":"post","2":"type-post","3":"status-publish","4":"format-standard","5":"has-post-thumbnail","7":"category-aktualitet","8":"category-kryesore","9":"category-lajme"},"_links":{"self":[{"href":"https:\/\/zjarr.tv\/en\/wp-json\/wp\/v2\/posts\/266385","targetHints":{"allow":["GET"]}}],"collection":[{"href":"https:\/\/zjarr.tv\/en\/wp-json\/wp\/v2\/posts"}],"about":[{"href":"https:\/\/zjarr.tv\/en\/wp-json\/wp\/v2\/types\/post"}],"author":[{"embeddable":true,"href":"https:\/\/zjarr.tv\/en\/wp-json\/wp\/v2\/users\/2020"}],"replies":[{"embeddable":true,"href":"https:\/\/zjarr.tv\/en\/wp-json\/wp\/v2\/comments?post=266385"}],"version-history":[{"count":0,"href":"https:\/\/zjarr.tv\/en\/wp-json\/wp\/v2\/posts\/266385\/revisions"}],"wp:featuredmedia":[{"embeddable":true,"href":"https:\/\/zjarr.tv\/en\/wp-json\/wp\/v2\/media\/266386"}],"wp:attachment":[{"href":"https:\/\/zjarr.tv\/en\/wp-json\/wp\/v2\/media?parent=266385"}],"wp:term":[{"taxonomy":"category","embeddable":true,"href":"https:\/\/zjarr.tv\/en\/wp-json\/wp\/v2\/categories?post=266385"},{"taxonomy":"post_tag","embeddable":true,"href":"https:\/\/zjarr.tv\/en\/wp-json\/wp\/v2\/tags?post=266385"}],"curies":[{"name":"wp","href":"https:\/\/api.w.org\/{rel}","templated":true}]}}