{"id":266388,"date":"2022-06-25T14:17:45","date_gmt":"2022-06-25T12:17:45","guid":{"rendered":"https:\/\/zjarr.tv\/?p=266388"},"modified":"2022-06-25T15:04:46","modified_gmt":"2022-06-25T13:04:46","slug":"nje-furtune-sapo-ka-filluar-lame-per-regjistrat-e-demtuar-te-kadastres-prokuroria-tirane-dhe-durres-kane-nisur-hetimet","status":"publish","type":"post","link":"https:\/\/zjarr.tv\/en\/nje-furtune-sapo-ka-filluar-lame-per-regjistrat-e-demtuar-te-kadastres-prokuroria-tirane-dhe-durres-kane-nisur-hetimet\/","title":{"rendered":"\u201cNj\u00eb furtun\u00eb sapo ka filluar\u201d, Lame p\u00ebr regjistrat e d\u00ebmtuar t\u00eb Kadastr\u00ebs: Prokuroria Tiran\u00eb dhe Durr\u00ebs kan\u00eb nisur hetimet"},"content":{"rendered":"<p>Drejtori i P\u00ebrgjithsh\u00ebm i Kadastr\u00ebs, Artan Lame ishte n\u00eb Synej t\u00eb Kavaj\u00ebs p\u00ebr t\u00eb p\u00ebrmbyllur procesin e legalizimit n\u00eb k\u00ebt\u00eb nj\u00ebsi administrative.<\/p>\n<p>Lame \u00ebsht\u00eb ndalur s\u00ebrish te raportet e publikuara nga Kadastra lidhur me regjistrat e trash\u00ebguar t\u00eb ish-hipotek\u00ebs n\u00eb Durr\u00ebs dhe Tiran\u00eb. Ai tha se prokurorit\u00eb e t\u00eb dyja qyteteve kan\u00eb nisur hetimet n\u00eb lidhje me d\u00ebmtimet e regjistrave t\u00eb pronave, nd\u00ebrkoh\u00eb q\u00eb sipas tij qytetar\u00ebt tani e tutje duhet t\u00eb q\u00ebndrojn\u00eb t\u00eb qet\u00eb.<\/p>\n<p>Prokuroria e Durr\u00ebsit ka filluar nj\u00eb hetim t\u00eb gjat\u00eb p\u00ebr k\u00ebt\u00eb \u00e7\u00ebshtje. Prokuroria e Tiran\u00ebs sapo m\u00eb ka kontaktuar se po fillon ndjekjen e problematik\u00ebs me d\u00ebmtimin e regjistrave n\u00eb Tiran\u00eb.<\/p>\n<p>Ua premtojn\u00eb \u00e7do pal\u00eb zgjedhje, banor\u00ebt e Uznov\u00ebs 30 vite me sht\u00ebpi, por pa dokumente<\/p>\n<p>M\u00eb k\u00ebrkuan t\u00eb lejoja t\u00eb ishte kirurg i par\u00eb nj\u00eb mjek q\u00eb linte p\u00ebr t\u00eb d\u00ebshiruar\u2019, Edvin Prifti zbulon prapaskenat e sulmeve ndaj tij<\/p>\n<p>Un\u00eb dua t\u2019i garantoj t\u00eb gjith\u00eb qytetar\u00ebt q\u00eb me pron\u00ebn e tyre nuk luhet m\u00eb, por t\u00eb gjith\u00eb ata q\u00eb kan\u00eb v\u00ebn\u00eb dor\u00eb n\u00eb ato arkiva, gjith\u00eb organizmat zyrtare t\u00eb k\u00ebtij shteti kan\u00eb t\u00eb drejt\u00eb t\u00eb vijn\u00eb t\u2019i kontrollojn\u00eb, t\u00eb k\u00ebrkojn\u00eb llogari.<\/p>\n<p>N\u00eb Tiran\u00eb, p\u00ebr sigurin\u00eb e qytetar\u00ebve, inventarizuam edhe AMTP, q\u00eb \u00e7do qytetar q\u00eb ka AMTP t\u00eb ligjshme t\u00eb rrij\u00eb i qet\u00eb. Jam i bindur q\u00eb Prokuroria do t\u00eb vazhdoj\u00eb hetimet, p\u00ebr t\u00eb do t\u00eb jet\u00eb nj\u00eb histori e gjat\u00eb dhe nj\u00eb fortun\u00eb q\u00eb sapo ka filluar. Nj\u00eb furtun\u00eb e kontrollit se \u00e7far\u00eb \u00ebsht\u00eb b\u00ebr\u00eb nd\u00ebr vite dhe dekada me regjistrat e pronave\u201d, \u00ebsht\u00eb shprehur Lame.<\/p>\n<p>Po ashtu Lame iu ka b\u00ebr\u00eb nj\u00eb thirrje gjith\u00eb qytetar\u00ebve q\u00eb t\u00eb mos nd\u00ebrtojn\u00eb m\u00eb pa leje. Duke i dor\u00ebzuar vendimin e legalizimit nj\u00eb qytetari, Lame tha: \u201cNuk besoj se i ke l\u00ebn\u00eb fitilat mbi katin e par\u00eb\u201d, duke n\u00ebnkuptuar katet shtes\u00eb n\u00eb lart\u00ebsi. \u201cDikur jua thoshte Edi Rama, sot po jua them un\u00eb: Mos nd\u00ebrtoni m\u00eb pa leje!\u201d, tha shefi i Kadastr\u00ebs. Drejtori Lame i shoq\u00ebruar nga drejtorja e ASHK-s\u00eb Kavaj\u00eb, kan\u00eb dor\u00ebzuar lejet e fundit t\u00eb legalizimit duke mbyllur k\u00ebshtu procesin e legalizimit n\u00eb k\u00ebt\u00eb njesi. Disa objekte q\u00eb kan\u00eb mbetur, drejtoria nuk ka mundur t\u00eb procedoj\u00eb p\u00ebr shkak se poseduesit jetojn\u00eb jasht\u00eb vendit.<\/p>\n<p>\u201cJemi n\u00eb Synej, n\u00eb nj\u00eb zon\u00eb bregdetare q\u00eb ka dhe bujq\u00ebsi dhe q\u00eb ka lidhje me turizmin p\u00ebr t\u00eb p\u00ebrfunduar sot nj\u00eb proces t\u00eb legalizimit t\u00eb nd\u00ebrtimeve pa leje. P\u00ebr k\u00ebt\u00eb arsye bashk\u00eb me drejtoresh\u00ebn, doja t\u00eb isha edhe vet\u00eb pasi e konsideroj si mbyllje t\u00eb nj\u00eb kapitulli. Jan\u00eb 525 legalizime t\u00eb kryera k\u00ebtu n\u00eb Synej. \u00cbsht\u00eb e pabesueshme q\u00eb vet\u00ebm n\u00eb nj\u00eb fshat t\u00eb kemi 525 legalizime. I bie q\u00eb e gjith\u00eb Shqip\u00ebria po kalon n\u00ebp\u00ebr duart tona!<\/p>\n<p>Numri kolosal i legalizimeve n\u00eb k\u00ebt\u00eb zon\u00eb tregon energjin\u00eb e pafundme t\u00eb njer\u00ebzve p\u00ebr t\u00eb nd\u00ebrtuar, por tregon edhe paaft\u00ebsin\u00eb e shtetit n\u00eb gjith\u00eb k\u00ebto vite p\u00ebr t\u2019i b\u00ebr\u00eb me letra ose p\u00ebr t\u2019i dh\u00ebn\u00eb leje, por tregon dhe pun\u00ebn e madhe t\u00eb b\u00ebr\u00eb nga punonj\u00ebsit e Agjensis\u00eb.<\/p>\n<p>Drejtoria vendore Kavaj\u00eb, nuk \u00ebsht\u00eb m\u00eb n\u00eb Kavaj\u00eb. Ka nj\u00eb arsye p\u00ebr k\u00ebt\u00eb, pasi \u00e7do veprim tashme b\u00ebhet online dhe nuk ka asnj\u00eb r\u00ebnd\u00ebsi se ku jan\u00eb t\u00eb vendosura zyrat e agj\u00ebnsise\u201d, ka sqaruar Lame.<\/p>","protected":false},"excerpt":{"rendered":"<p>Drejtori i P\u00ebrgjithsh\u00ebm i Kadastr\u00ebs, Artan Lame ishte n\u00eb Synej t\u00eb Kavaj\u00ebs p\u00ebr t\u00eb p\u00ebrmbyllur procesin e legalizimit n\u00eb k\u00ebt\u00eb nj\u00ebsi administrative. Lame \u00ebsht\u00eb ndalur s\u00ebrish te raportet e publikuara nga Kadastra lidhur me regjistrat e trash\u00ebguar t\u00eb ish-hipotek\u00ebs n\u00eb Durr\u00ebs dhe Tiran\u00eb. Ai tha se prokurorit\u00eb e t\u00eb dyja qyteteve kan\u00eb nisur hetimet n\u00eb [&hellip;]<\/p>\n","protected":false},"author":2020,"featured_media":164376,"comment_status":"closed","ping_status":"closed","sticky":false,"template":"","format":"standard","meta":{"footnotes":""},"categories":[241,5380,231],"tags":[],"class_list":{"0":"post-266388","1":"post","2":"type-post","3":"status-publish","4":"format-standard","5":"has-post-thumbnail","7":"category-aktualitet","8":"category-kryesore","9":"category-lajme"},"_links":{"self":[{"href":"https:\/\/zjarr.tv\/en\/wp-json\/wp\/v2\/posts\/266388","targetHints":{"allow":["GET"]}}],"collection":[{"href":"https:\/\/zjarr.tv\/en\/wp-json\/wp\/v2\/posts"}],"about":[{"href":"https:\/\/zjarr.tv\/en\/wp-json\/wp\/v2\/types\/post"}],"author":[{"embeddable":true,"href":"https:\/\/zjarr.tv\/en\/wp-json\/wp\/v2\/users\/2020"}],"replies":[{"embeddable":true,"href":"https:\/\/zjarr.tv\/en\/wp-json\/wp\/v2\/comments?post=266388"}],"version-history":[{"count":0,"href":"https:\/\/zjarr.tv\/en\/wp-json\/wp\/v2\/posts\/266388\/revisions"}],"wp:featuredmedia":[{"embeddable":true,"href":"https:\/\/zjarr.tv\/en\/wp-json\/wp\/v2\/media\/164376"}],"wp:attachment":[{"href":"https:\/\/zjarr.tv\/en\/wp-json\/wp\/v2\/media?parent=266388"}],"wp:term":[{"taxonomy":"category","embeddable":true,"href":"https:\/\/zjarr.tv\/en\/wp-json\/wp\/v2\/categories?post=266388"},{"taxonomy":"post_tag","embeddable":true,"href":"https:\/\/zjarr.tv\/en\/wp-json\/wp\/v2\/tags?post=266388"}],"curies":[{"name":"wp","href":"https:\/\/api.w.org\/{rel}","templated":true}]}}