{"id":266390,"date":"2022-06-25T14:23:26","date_gmt":"2022-06-25T12:23:26","guid":{"rendered":"https:\/\/zjarr.tv\/?p=266390"},"modified":"2022-06-25T14:23:26","modified_gmt":"2022-06-25T12:23:26","slug":"me-kerkuan-te-lejoja-te-ishte-kirurg-i-pare-nje-mjek-qe-linte-per-te-deshiruar-edvin-prifti-zbulon-prapaskenat-e-sulmeve-ndaj-tij","status":"publish","type":"post","link":"https:\/\/zjarr.tv\/en\/me-kerkuan-te-lejoja-te-ishte-kirurg-i-pare-nje-mjek-qe-linte-per-te-deshiruar-edvin-prifti-zbulon-prapaskenat-e-sulmeve-ndaj-tij\/","title":{"rendered":"\u2018M\u00eb k\u00ebrkuan t\u00eb lejoja t\u00eb ishte kirurg i par\u00eb nj\u00eb mjek q\u00eb linte p\u00ebr t\u00eb d\u00ebshiruar\u2019, Edvin Prifti zbulon prapaskenat e sulmeve ndaj tij"},"content":{"rendered":"<p>Kardikirurgu Edvin Prifti, i cili ende \u00ebsht\u00eb i pezulluar nga ushtrimi i detyr\u00ebs, p\u00ebr shkak t\u00eb vendimeve t\u00eb dh\u00ebn\u00eb nga Gjykata e Posa\u00e7me dhe ajo e Apelit, duket se p\u00ebr her\u00eb t\u00eb par\u00eb ka zbuluar arsyet e Akuzave ndaj tij.<\/p>\n<p>Lidhen me emrin e nj\u00eb mjeku n\u00eb ambientet e QSUT-s\u00eb, p\u00ebr t\u00eb cilin i \u00ebsht\u00eb k\u00ebrkuar q\u00eb ta lejonte t\u00eb b\u00ebnte nd\u00ebrhyrje, n\u00eb m\u00ebnyr\u00eb q\u00eb t\u00eb mund t\u00eb ngjiste shkall\u00ebt e karrier\u00ebs. Prifti i cili ka mbajtur dhe detyr\u00ebn e shefit t\u00eb kardiokirurgjis\u00eb n\u00eb QSUT, shprehet se ai nuk mund t\u00eb pranonte q\u00eb kjo sakrific\u00eb t\u00eb ndodhte n\u00eb kurriz t\u00eb jet\u00ebs dhe sh\u00ebndetit t\u00eb pacient\u00ebve.<\/p>\n<p>Mjeti p\u00ebrplaset me bordur\u00ebn n\u00eb Maliq, shoferi n\u00eb gjendje t\u00eb r\u00ebnd\u00eb p\u00ebr jet\u00ebn, u nxor nga zjarrfik\u00ebsit<\/p>\n<p>Ua premtojn\u00eb \u00e7do pal\u00eb zgjedhje, banor\u00ebt e Uznov\u00ebs 30 vite me sht\u00ebpi, por pa dokumente<\/p>\n<p>Kardiokirurgu heq paralelizma t\u00eb rastit t\u00eb tij, me p\u00ebrndjekjen e nj\u00eb mjeku n\u00eb koh\u00ebn e diktatur\u00ebs, nd\u00ebrkoh\u00eb q\u00eb kjo \u00ebsht\u00eb hera e par\u00eb q\u00eb ai flet hapur mbi sulmet, pas m\u00eb shum\u00eb se nj\u00eb viti betej\u00eb me drejt\u00ebsin\u00eb.<\/p>\n<p>Postimi i Priftit:<\/p>\n<p>HISTORI TE NGJASHME DHE PSE AFER NJE SHEKULL.ME.VONE<\/p>\n<p>Me kishte shpetuar ky dokumentar te cilin e gjeni me poshte per viganet e mjeksise shqiptare dr Ali Spahiu dhe dr Fadil Spahija. Emrat e tyre pak permenden sot por kjo eshte semundja e pergjithshme e ketij kombi e cila ka te beje me amnezine ose harresen dhe mungesen e memories. Kalvari i jetes se tyre ishte i jashtezakonshem me burgje dhe internime dhe nderkohe ishin dy yjet e mjeksise shqiptare te kohes.<\/p>\n<p>E gjitha filloi pasi ne vend te dr. Ali Spahise duhet te punesohej nipi i Byrose Politike i cili nuk dinte ABC e mjeksise dhe dr. Fadil Spahija e pershkruan kete ne formen e nje anekdote ne intervisten e tij. Pa dashur aspak te krahasoj veten me keta titane te mendimit dhe profesionit, 70 vjet me pas, ne detyren time si shef i kardiokirurgjise ne QSUT, pasi me sakrifica dhe pune te perkushtuar ne beme te mundur qe mijerat e shqiptareve qe kishin te vetmen zgjidhje te shkonin ne Turqi per tu operuar nga zemra, te operoheshin ne Tirane.<\/p>\n<p>Edhe mua me kerkohet me insistim dhe direktive qe nje mjek i ri me mesatare qe linte per te desheruar, nga ata te fisit revolucionar kusheriro-tribal te sistemit te drejtesise, packa aftesive teorike dhe praktike te kufizuara, te operonte si i pare pasi duhej te ngrihej emri i tij ne kurriz te pacienteve qe na kishin mirebesuar jeten.<\/p>\n<p>Me gjithe deshiren per ti dhene edhe atij mundesine si te gjithe stafit tim pergjigja ime ishte jo pasi procesi kerkon trejnim, pergjegjesi dhe sakrifica, dhe konseguenca per mua ishte e ngjashme me ate te mjekeve te medhenj. Mbase pa dashje bene qe te krahasohej jeta ime me te tyren! Eshte e dukshme se sa perpara ka bere kjo shoqeria jone?!<\/p>\n<p>Perpara se nje intelektual te vritet ai duhet te lincohet, pergojohet, shpifet, duhet thurur fabula e intriges qe ajo te duket e vertete, duhet qe intelektuali te simbolizoje heretikun qe me pas te digjet ne flaket.qe turma pa memorie ia \u201cdhuron\u201d ne sherbim te shelbimit te tij (prof. ALESSANDRO ORSINI)<\/p>","protected":false},"excerpt":{"rendered":"<p>Kardikirurgu Edvin Prifti, i cili ende \u00ebsht\u00eb i pezulluar nga ushtrimi i detyr\u00ebs, p\u00ebr shkak t\u00eb vendimeve t\u00eb dh\u00ebn\u00eb nga Gjykata e Posa\u00e7me dhe ajo e Apelit, duket se p\u00ebr her\u00eb t\u00eb par\u00eb ka zbuluar arsyet e Akuzave ndaj tij. Lidhen me emrin e nj\u00eb mjeku n\u00eb ambientet e QSUT-s\u00eb, p\u00ebr t\u00eb cilin i \u00ebsht\u00eb [&hellip;]<\/p>\n","protected":false},"author":2020,"featured_media":266391,"comment_status":"closed","ping_status":"closed","sticky":false,"template":"","format":"standard","meta":{"footnotes":""},"categories":[241,5380,231],"tags":[],"class_list":{"0":"post-266390","1":"post","2":"type-post","3":"status-publish","4":"format-standard","5":"has-post-thumbnail","7":"category-aktualitet","8":"category-kryesore","9":"category-lajme"},"_links":{"self":[{"href":"https:\/\/zjarr.tv\/en\/wp-json\/wp\/v2\/posts\/266390","targetHints":{"allow":["GET"]}}],"collection":[{"href":"https:\/\/zjarr.tv\/en\/wp-json\/wp\/v2\/posts"}],"about":[{"href":"https:\/\/zjarr.tv\/en\/wp-json\/wp\/v2\/types\/post"}],"author":[{"embeddable":true,"href":"https:\/\/zjarr.tv\/en\/wp-json\/wp\/v2\/users\/2020"}],"replies":[{"embeddable":true,"href":"https:\/\/zjarr.tv\/en\/wp-json\/wp\/v2\/comments?post=266390"}],"version-history":[{"count":0,"href":"https:\/\/zjarr.tv\/en\/wp-json\/wp\/v2\/posts\/266390\/revisions"}],"wp:featuredmedia":[{"embeddable":true,"href":"https:\/\/zjarr.tv\/en\/wp-json\/wp\/v2\/media\/266391"}],"wp:attachment":[{"href":"https:\/\/zjarr.tv\/en\/wp-json\/wp\/v2\/media?parent=266390"}],"wp:term":[{"taxonomy":"category","embeddable":true,"href":"https:\/\/zjarr.tv\/en\/wp-json\/wp\/v2\/categories?post=266390"},{"taxonomy":"post_tag","embeddable":true,"href":"https:\/\/zjarr.tv\/en\/wp-json\/wp\/v2\/tags?post=266390"}],"curies":[{"name":"wp","href":"https:\/\/api.w.org\/{rel}","templated":true}]}}