{"id":266404,"date":"2022-06-25T15:22:28","date_gmt":"2022-06-25T13:22:28","guid":{"rendered":"https:\/\/zjarr.tv\/?p=266404"},"modified":"2022-06-25T15:22:28","modified_gmt":"2022-06-25T13:22:28","slug":"do-behem-i-hidhur-kur-flas-per-be-ne-rama-nga-austria-na-kane-marre-peng-unioni-nuk-eshte-i-shendetshem","status":"publish","type":"post","link":"https:\/\/zjarr.tv\/en\/do-behem-i-hidhur-kur-flas-per-be-ne-rama-nga-austria-na-kane-marre-peng-unioni-nuk-eshte-i-shendetshem\/","title":{"rendered":"\u2018Do b\u00ebhem i hidhur kur flas p\u00ebr BE-n\u00eb\u2019, Rama nga Austria: Na kan\u00eb marr\u00eb peng, Unioni nuk \u00ebsht\u00eb i sh\u00ebndetsh\u00ebm"},"content":{"rendered":"<p>Kryeministri Edi Rama, i cili ka qen\u00eb i pranish\u00ebm n\u00eb Vjen\u00eb, n\u00eb Forumin Europian, p\u00ebr mb\u00ebshtetjen ndaj Ballkanit Per\u00ebndimor dhe Shqip\u00ebris\u00eb, ka falenderuar kancelarin austriak Karl Nehammer. Nga ana tjet\u00ebr, Rama nuk i kurseu kritikat ndaj BE, q\u00eb sipas tij n\u00eb vitet e fundit ka treguar se nuk \u00ebsht\u00eb e sh\u00ebndetshme.<\/p>\n<p>\u201cNuk fal\u00ebnderoj dot sa duhet kancelarin, \u00ebsht\u00eb k\u00ebtu me ne, \u00ebsht\u00eb ulur krah meje ashtu si\u00e7 ulet krah meje n\u00eb K\u00ebshill sepse Austria dhe Shqip\u00ebria fillojn\u00eb me g\u00ebrm\u00ebn A. Ai \u00ebsht\u00eb mb\u00ebshtet\u00ebs i Ballkanit per\u00ebndimor dhe Shqip\u00ebris\u00eb Faleminderit Karl, Zoti t\u00eb bekoft\u00eb.<\/p>\n<p>Pas k\u00ebtyre fjal\u00ebve t\u00eb bukura do m\u00eb duhet t\u00eb b\u00ebhem i hidhur sepse do flas p\u00ebr BE.<\/p>\n<p>Mohon t\u00eb flas\u00eb publikisht p\u00ebr shuplak\u00ebn e famshme, ja sa para po humb Will Smith<\/p>\n<p>N\u00eb banak mish, n\u00ebn dor\u00eb kokain\u00eb dhe marjuan\u00eb, pranga 4 shqiptar\u00ebve \u2018kasap\u00eb\u2019<\/p>\n<p>Ndihem i keqardhur p\u00ebr BE, v\u00ebrtet i keqardhur. Shum\u00eb njer\u00ebz i komentuar ato \u00e7far\u00eb thash\u00eb n\u00eb konferenc\u00eb p\u00ebr shtyp pas takimit si nj\u00eb zem\u00ebrat\u00eb e madhe, po mund t\u00eb jet\u00eb, por s\u2019ka t\u00eb b\u00ebj\u00eb me ne por me BE.<\/p>\n<p>Pasi q\u00ebndruam p\u00ebr 4 or\u00eb me udh\u00ebheq\u00ebsit e vendeve, i d\u00ebgjuam dhe ndjem\u00eb pafuqin\u00eb e tyre p\u00ebrball\u00eb nj\u00eb situate surreale ku Bullgaria merr peng dy vende t\u00eb NATOS n\u00eb mes t\u00eb nj\u00eb lufte t\u00eb nxeht\u00eb n\u00eb kufijt\u00eb e Evrop\u00ebs, q\u00eb rrekej t\u00eb q\u00ebmtonte pasiguri historike mu p\u00ebrpara syve t\u00eb 26 vendeve t\u00eb tjera q\u00eb s\u2019mund t\u00eb b\u00ebjn\u00eb asgj\u00eb. Dje Parlamenti bullgar votoi di\u00e7ka q\u00eb do jet\u00eb mjaftueshme p\u00ebr Maqedonin\u00eb e Veriut, kjo s\u2019lidhet vet\u00ebm me Bullgarin\u00eb\u201d, tha Rama.<\/p>","protected":false},"excerpt":{"rendered":"<p>Kryeministri Edi Rama, i cili ka qen\u00eb i pranish\u00ebm n\u00eb Vjen\u00eb, n\u00eb Forumin Europian, p\u00ebr mb\u00ebshtetjen ndaj Ballkanit Per\u00ebndimor dhe Shqip\u00ebris\u00eb, ka falenderuar kancelarin austriak Karl Nehammer. Nga ana tjet\u00ebr, Rama nuk i kurseu kritikat ndaj BE, q\u00eb sipas tij n\u00eb vitet e fundit ka treguar se nuk \u00ebsht\u00eb e sh\u00ebndetshme. \u201cNuk fal\u00ebnderoj dot sa [&hellip;]<\/p>\n","protected":false},"author":2020,"featured_media":266405,"comment_status":"closed","ping_status":"closed","sticky":false,"template":"","format":"standard","meta":{"footnotes":""},"categories":[241,5380,231],"tags":[],"class_list":{"0":"post-266404","1":"post","2":"type-post","3":"status-publish","4":"format-standard","5":"has-post-thumbnail","7":"category-aktualitet","8":"category-kryesore","9":"category-lajme"},"_links":{"self":[{"href":"https:\/\/zjarr.tv\/en\/wp-json\/wp\/v2\/posts\/266404","targetHints":{"allow":["GET"]}}],"collection":[{"href":"https:\/\/zjarr.tv\/en\/wp-json\/wp\/v2\/posts"}],"about":[{"href":"https:\/\/zjarr.tv\/en\/wp-json\/wp\/v2\/types\/post"}],"author":[{"embeddable":true,"href":"https:\/\/zjarr.tv\/en\/wp-json\/wp\/v2\/users\/2020"}],"replies":[{"embeddable":true,"href":"https:\/\/zjarr.tv\/en\/wp-json\/wp\/v2\/comments?post=266404"}],"version-history":[{"count":0,"href":"https:\/\/zjarr.tv\/en\/wp-json\/wp\/v2\/posts\/266404\/revisions"}],"wp:featuredmedia":[{"embeddable":true,"href":"https:\/\/zjarr.tv\/en\/wp-json\/wp\/v2\/media\/266405"}],"wp:attachment":[{"href":"https:\/\/zjarr.tv\/en\/wp-json\/wp\/v2\/media?parent=266404"}],"wp:term":[{"taxonomy":"category","embeddable":true,"href":"https:\/\/zjarr.tv\/en\/wp-json\/wp\/v2\/categories?post=266404"},{"taxonomy":"post_tag","embeddable":true,"href":"https:\/\/zjarr.tv\/en\/wp-json\/wp\/v2\/tags?post=266404"}],"curies":[{"name":"wp","href":"https:\/\/api.w.org\/{rel}","templated":true}]}}