{"id":266417,"date":"2022-06-25T16:23:50","date_gmt":"2022-06-25T14:23:50","guid":{"rendered":"https:\/\/zjarr.tv\/?p=266417"},"modified":"2022-06-25T16:23:50","modified_gmt":"2022-06-25T14:23:50","slug":"arian-cani-e-keni-te-veshtire-ta-kapni-rame-ne-afera-te-medha-ai-nuk-eshte-naiv-te-lere-gjurme","status":"publish","type":"post","link":"https:\/\/zjarr.tv\/en\/arian-cani-e-keni-te-veshtire-ta-kapni-rame-ne-afera-te-medha-ai-nuk-eshte-naiv-te-lere-gjurme\/","title":{"rendered":"Arian \u00c7ani: E keni t\u00eb v\u00ebshtir\u00eb ta kapni Ram\u00eb n\u00eb afera t\u00eb m\u00ebdha, ai nuk \u00ebsht\u00eb naiv t\u00eb l\u00ebr\u00eb gjurm\u00eb"},"content":{"rendered":"<p>Gazetari Arjan \u00c7ani, komentoi zhvillimet e fundit n\u00eb parlament, ku ministrja e Jashtme Olta Xha\u00e7ka mbrojti bashk\u00ebshortin e vet\u00eb Artan Ga\u00e7i p\u00ebr nj\u00eb investim me status investitor strategjik n\u00eb bregdet.<\/p>\n<p>\u00c7ani tha se \u00e7\u00ebshtja nuk duhet shtruar a duhet besuar apo jo, por a \u00ebsht\u00eb trafik infuluence hoteli q\u00eb Ga\u00e7i ka marr\u00eb n\u00eb jug. Duke folur p\u00ebr MCN, ai tha se SPAK gjithsesi nuk ka nj\u00eb hap\u00ebsir\u00eb lirie kaq t\u00eb madhe sa t\u00eb vendos\u00eb vet\u00eb p\u00ebr fatin e nj\u00eb ministreje e nj\u00eb personazhi publik t\u00eb nj\u00eb r\u00ebnd\u00ebsie t\u00eb till\u00eb.<\/p>\n<p>&#8220;Loja \u00ebsht\u00eb m\u00eb e madhe t\u00eb gjith\u00eb ata njer\u00ebz n\u00eb pushtet me ose pa p\u00ebrgjegj\u00ebsi jan\u00eb n\u00eb list\u00ebn e Ram\u00ebs p\u00ebr tu djegur, do digjen. Nuk e shoh Xha\u00e7k\u00ebn te lista e kuqe e Ram\u00ebs, ka profil modest politik.<\/p>\n<p>Nuk besoj se do e digjte kaq kollaj pas akuzave t\u00eb politik\u00ebs. Bashk\u00ebshorti i sot\u00ebm i Xha\u00e7k\u00ebs, Artan Ga\u00e7i, ka qen\u00eb biznesmen q\u00eb n\u00eb vitet \u201890-t\u00eb, nuk hyn te ata personazhe q\u00eb hapin nj\u00eb NIPT 3 muaj pak p\u00ebrpara.<\/p>\n<p>Mendoj se duhet par\u00eb m\u00eb me detaje n\u00ebse ka shkelje apo jo. N\u00eb vende me standarde demokratike ku standardi i demokracis\u00eb \u00ebsht\u00eb shum\u00eb i lart\u00eb, n\u00eb Gjermani apo Franc\u00eb, do ishte nj\u00eb ng\u00ebr\u00e7 p\u00ebr \u00e7do minist\u00ebr, n\u00ebse do dilte nj\u00eb lajm i till\u00eb.<\/p>\n<p>N\u00eb vende si Shqip\u00ebria apo Italia e jugut, n\u00eb vende t\u00eb Europ\u00ebs ku ka shum\u00eb diell, k\u00ebto gj\u00ebra nuk \u00ebsht\u00eb se jan\u00eb shum\u00eb tabu. Brenda kontekstit shqiptar, nuk \u00ebsht\u00eb ndonj\u00eb skandal i madh&#8221;, tha ai.<\/p>\n<p>Lidhur me akuzat e deputetit demokrat Agron Shehaj i cili shprehet se k\u00ebt\u00eb akt nuk e lejon Kushtetuta dhe se ministrja \u00ebsht\u00eb n\u00eb konflikt interesi, \u00c7ani deklaroi se k\u00ebtu rrezikohet mandati i \u00e7do ministri n\u00ebse Rama vendos ta djeg\u00eb:<\/p>\n<p>&#8220;K\u00ebtu ka vet\u00ebm nj\u00eb njeri t\u00eb plotfuqish\u00ebm dhe pas tij vjen Veliaj, t\u00eb cil\u00ebt kontrollojn\u00eb drejt\u00ebsin\u00eb. \u00cbsht\u00eb Rama dhe pastaj Veliaj. N\u00ebse Rama mendon se Xha\u00e7ka nuk i duhet m\u00eb, e djeg, me apo pa p\u00ebrgjegj\u00ebsi, jemi n\u00eb k\u00ebt\u00eb nivel.<\/p>\n<p>Disa nga personazhet q\u00eb sot jan\u00eb ose n\u00eb burg ose me procese t\u00eb hapura, jan\u00eb personazhe q\u00eb Rama i ka l\u00ebshuar.&#8221;<\/p>\n<p>I pyetur n\u00ebse do zbardhen ndonj\u00ebher\u00eb pasurit\u00eb e politikan\u00ebve dhe n\u00ebse do t\u00eb ket\u00eb sekuestroa ndaj tyre, deklaroi se \u00ebsht\u00eb tentuar kjo gj\u00eb t\u00eb b\u00ebhet n\u00eb Itali, kur hyri n\u00eb nj\u00eb epok\u00eb t\u00eb tmerrshme t\u00eb luft\u00ebs kund\u00ebr korrupsionit me dy prokuror\u00ebt t\u00eb famsh\u00ebm, por shtoi se nuk \u00ebsht\u00eb se ka ndryshuar ndonj\u00eb gj\u00eb e madhe:<\/p>\n<p>&#8220;E shoh shum\u00eb t\u00eb v\u00ebshtir\u00eb. K\u00ebtu mund t\u00eb ket\u00eb gjueti shtrigash, q\u00eb nj\u00ebri klan p\u00ebr t\u00eb goditur tjetrin i \u00e7on n\u00eb SPAK. Kjo b\u00ebhet se k\u00ebta mund t\u00eb zihen me njeri tjetrin. Kjo mund t\u00eb ndodh n\u00ebse rivali i Ram\u00ebs, Veliaj a ndonj\u00eb tjet\u00ebr. N\u00ebse Rama ndjen rrezik, at\u00ebher\u00eb do veproj\u00eb drejt\u00ebsia, p\u00ebr t\u00eb marr\u00eb flamurin e anti-korrupsionit.<\/p>\n<p>Q\u00ebllimi pse b\u00ebhet kjo nuk \u00ebsht\u00eb aspak fisnik, por politik.<\/p>\n<p>Politika n\u00eb Shqip\u00ebri \u00ebsht\u00eb nj\u00eb xhung\u00ebl ku n\u00eb momentin q\u00eb rrezikohet karriera personale e liderit, p\u00ebrdorin drejt\u00ebsin\u00eb si nj\u00eb zgjatim n\u00eb forma represive i politik\u00ebs&#8221;. Sa i takon Saimir Tahirit, Lefter Kok\u00ebs apo Alqi Bllakos q\u00eb jan\u00eb n\u00eb burg dhe q\u00eb kontrolli i pasurive nuk iu \u00ebsht\u00eb b\u00ebr\u00eb, \u00c7ani tha se n\u00eb nj\u00eb vend si Shqip\u00ebria mjafton ideja q\u00eb nj\u00eb minist\u00ebr apo ish-minist\u00ebr \u00ebsht\u00eb n\u00eb burg dhe me kaq mjaftohen t\u00eb gjith\u00eb:<\/p>\n<p>Vet\u00ebm n\u00ebse nj\u00eb nga k\u00ebta personazhe do fliste gj\u00ebra, at\u00ebher\u00eb prokuroria do verifikonte pasurin\u00eb e tyre. E gjitha varet nga sjellja e tyre. Un\u00eb t\u00eb d\u00ebnoj t\u00eb fus n\u00eb burg, por nuk mbaron me kaq. Ndaj sillu mir\u00eb! Dim\u00eb dhe k\u00ebt\u00eb muhabetin atje. Nuk mund t\u00eb ishte ndryshe.&#8221;<\/p>\n<p>Nd\u00ebrsa argumentimi i p\u00ebrgjegj\u00ebsis\u00eb personale, sipas \u00c7anit \u00ebsht\u00eb i vetmi argument me t\u00eb cilin mund t\u00eb luaj\u00eb Edi Rama.<\/p>\n<p>Sipas tij, \u00ebsht\u00eb i vetmi argument q\u00eb Ram\u00ebn e nxjerr t\u00eb pa lagur:<\/p>\n<p>&#8220;V\u00ebrtet\u00eb \u00ebsht\u00eb i plotfuqish\u00ebm, por nuk \u00ebsht\u00eb kaq naiv sa t\u00eb l\u00ebr\u00eb gjurm\u00eb, edhe n\u00ebse ka b\u00ebr\u00eb shkelje me bashk\u00ebpun\u00ebtor\u00ebt e tij.<\/p>\n<p>\u00cbsht\u00eb shum\u00eb v\u00ebshtir\u00eb t\u00eb kap\u00ebsh Edi Ram\u00ebn n\u00eb gj\u00ebra kaq t\u00eb m\u00ebdha. T\u00eb kesh mund\u00ebsi ta shantazhosh liderin me fakte dhe prova mua m\u00eb duket e v\u00ebshtir\u00eb&#8221;.<\/p>","protected":false},"excerpt":{"rendered":"<p>Gazetari Arjan \u00c7ani, komentoi zhvillimet e fundit n\u00eb parlament, ku ministrja e Jashtme Olta Xha\u00e7ka mbrojti bashk\u00ebshortin e vet\u00eb Artan Ga\u00e7i p\u00ebr nj\u00eb investim me status investitor strategjik n\u00eb bregdet. \u00c7ani tha se \u00e7\u00ebshtja nuk duhet shtruar a duhet besuar apo jo, por a \u00ebsht\u00eb trafik infuluence hoteli q\u00eb Ga\u00e7i ka marr\u00eb n\u00eb jug. Duke [&hellip;]<\/p>\n","protected":false},"author":2020,"featured_media":266418,"comment_status":"closed","ping_status":"closed","sticky":false,"template":"","format":"standard","meta":{"footnotes":""},"categories":[241,5380,231],"tags":[],"class_list":{"0":"post-266417","1":"post","2":"type-post","3":"status-publish","4":"format-standard","5":"has-post-thumbnail","7":"category-aktualitet","8":"category-kryesore","9":"category-lajme"},"_links":{"self":[{"href":"https:\/\/zjarr.tv\/en\/wp-json\/wp\/v2\/posts\/266417","targetHints":{"allow":["GET"]}}],"collection":[{"href":"https:\/\/zjarr.tv\/en\/wp-json\/wp\/v2\/posts"}],"about":[{"href":"https:\/\/zjarr.tv\/en\/wp-json\/wp\/v2\/types\/post"}],"author":[{"embeddable":true,"href":"https:\/\/zjarr.tv\/en\/wp-json\/wp\/v2\/users\/2020"}],"replies":[{"embeddable":true,"href":"https:\/\/zjarr.tv\/en\/wp-json\/wp\/v2\/comments?post=266417"}],"version-history":[{"count":0,"href":"https:\/\/zjarr.tv\/en\/wp-json\/wp\/v2\/posts\/266417\/revisions"}],"wp:featuredmedia":[{"embeddable":true,"href":"https:\/\/zjarr.tv\/en\/wp-json\/wp\/v2\/media\/266418"}],"wp:attachment":[{"href":"https:\/\/zjarr.tv\/en\/wp-json\/wp\/v2\/media?parent=266417"}],"wp:term":[{"taxonomy":"category","embeddable":true,"href":"https:\/\/zjarr.tv\/en\/wp-json\/wp\/v2\/categories?post=266417"},{"taxonomy":"post_tag","embeddable":true,"href":"https:\/\/zjarr.tv\/en\/wp-json\/wp\/v2\/tags?post=266417"}],"curies":[{"name":"wp","href":"https:\/\/api.w.org\/{rel}","templated":true}]}}