{"id":266422,"date":"2022-06-25T18:59:42","date_gmt":"2022-06-25T16:59:42","guid":{"rendered":"https:\/\/zjarr.tv\/?p=266422"},"modified":"2022-06-25T18:59:42","modified_gmt":"2022-06-25T16:59:42","slug":"lereni-ne-lehjen-e-paguar-vasili-rama-ben-show-anti-europe-sipas-telekomandimit-serbo-rus","status":"publish","type":"post","link":"https:\/\/zjarr.tv\/en\/lereni-ne-lehjen-e-paguar-vasili-rama-ben-show-anti-europe-sipas-telekomandimit-serbo-rus\/","title":{"rendered":"&#8216;L\u00ebreni n\u00eb lehjen e paguar&#8217;\/ Vasili: Rama b\u00ebn &#8216;show&#8217; anti-europ\u00eb sipas telekomandimit serbo-rus!"},"content":{"rendered":"<p>N\u00ebnkryetari i LSI Petrit Vasili ka komentuar n\u00eb rrjete sociale deklaratat e kryeministrit Edi Rama dhe sulmet e k\u00ebtij t\u00eb fundit ndaj Bashkimit Europian.<\/p>\n<p>Vasili thot\u00eb se Rama \u00ebsht\u00eb i kapur p\u00ebr gryke dhe n\u00ebn shantazh nga aktor\u00eb anti-europian\u00eb lindor\u00eb dhe b\u00ebn show t\u00eb porositur anti-europ\u00eb sipas telekomandimit serborus q\u00eb i b\u00ebhet atij.<\/p>\n<p>Statusi i plot\u00eb:<\/p>\n<p>Mos u merrni m\u00eb me shfaqjet e paguara t\u00eb Rames, por te gjithe ne kembe kunder varferise helmuese dhe grabitjes kombetare! Me shume te drejte gazetare, analiste si dhe qytetare te shumte komentojne me shqetesim deklaratat e Rames kunder BE dhe gjuhen e marre dhe prej halldupi te tij.<\/p>\n<p>Por sot do tu beja te gjitheve nje ftese te hapur qe ta linin vetem Ramen ne zderhalljen e paguar te tij. Eshte shume e qarte se Rama i komisionuar, i kapur per gryke dhe nen shantazh nga aktore\u00a0 antieuropiane lindor\u00eb e ben kete sho\u00eb te porositur antieurope sipas telekomandimit serborus, qe i behet atij.<\/p>\n<p>Ne dukje ky i Rames eshte nje sho\u00eb i \u00e7mendur, jashte cdo logjike dhe nje kafsheri politike si ne forme ashtu edhe ne permbajtje. Porse nuk eshte aspak ashtu.<\/p>\n<p>Aksit Beograd Moske por edhe me gjere ju duhet nje kamikaxe antieurope, por qe natyrshem duhet te jete nga Europa.<\/p>\n<p>Askush nuk mund te vetofrohet per nje mision te tille te rrezikshem dhe te neveritshem ne radhe te pare kunder popullit te vet pervec Edi Rames. Pra Edi Rama eshte i vetmi, qe mund te kryeje nje mision te tille dhe i vetmi qe permbush te gjithe kushtet, sepse eshte pazarxhi kufijsh ne dem te Shqiperise dhe Kosoves, pra i pacipe ne shitjen e cdo interesi kombetar.<\/p>\n<p>Interesat me te errta antieuropiane e kane kurdisur dhe leshuar pra Ramen sokakeve te Europes, qe ai te leh\u00eb pa pushim per te mbajtur nje fokus gjoja zhgenjimi ndaj Europes si dhe per te hedhur balte mbi Europen dhe rendesine jetike te saj per te ardhmen e Shqiperise dhe Ballkanit ne teresi.<\/p>\n<p>Qesharak e grotesk ne kete rol te tij Rama po vazhdon gjer ne neveri kete loje te shpifur e te lexueshme ne menyre te perditshme. Edi Rama e ka kete kurajo dhe eshte vendosur egersisht kunder Europes, pasi eshte i vetmi kryeminister, qe drejton qeverine me te korruptuar te Europes, qe ka kthyer vendin ne lavatrice, te pastrimit te parave, qe vjedh ne menyre mafioze zgjedhjet dhe qe ka kthyer Shqiperine ne vater te krimit te organizuar dhe trafiqeve nderkombetare.<\/p>\n<p>Por a ka vlere te komentohen m\u00eb shfryrjet histerike te paguara antiEurope te tij.<\/p>\n<p>Rames i intereson, qe energjia te devijohet drejt sho\u00eb-ut te tij te neverishem antieuropian dhe jo drejt plageve, qe po shkaterrojne vendin. Ndaj Rama duhet lene krejt vetem ne kete detyre te paguar, qe ai po kryen dhe do vazhdoje ta kryeje per sa kohe qe do t&#8217;ja kerkojne ata qe e paguajne dhe e shantazhojne.<\/p>\n<p>Komentet,reagimi dhe kunderpergjigja ndaj tij dhe qeverisjes duhet dhene ne \u00e7do sekonde ne cdo front: ne shesh, ne parlament, ne rrjete sociale e kudo duke u ngritur ne kembe kunder: rritjes \u00e7njerezore te cmimeve, qe po helmon jeten e njerezve te thjeshte,\u00a0 te vjedhjes se miliardave leke me tendera e koncesione, te varferimit qe po shpopullon vendin dhe tragjedise sociale e te varferise qe eshte kembekryq ne mijra e mijra familje shqiptare.<\/p>\n<p>Cdo energji duhet te perqendrohet vetem ketu. Kjo eshte krye\u00e7eshtja e cdo shqiptari. Sa per zderhalljen antiEuropiane te Rames rrini te qete se Europa eshte aq e vjeter dhe ka par\u00eb kaq shume karagjoze dhe aventurier\u00eb te tille sa di dhe ia tregon vete vendin edhe ketij. Lereni vetem ne lehjen e tij te paguar. Te gjithe ne kembe per te mbrojtur Shqiperine nga shperberja dhe varferia helmuese, \u00e7do energji vetem ketu.<\/p>","protected":false},"excerpt":{"rendered":"<p>N\u00ebnkryetari i LSI Petrit Vasili ka komentuar n\u00eb rrjete sociale deklaratat e kryeministrit Edi Rama dhe sulmet e k\u00ebtij t\u00eb fundit ndaj Bashkimit Europian. Vasili thot\u00eb se Rama \u00ebsht\u00eb i kapur p\u00ebr gryke dhe n\u00ebn shantazh nga aktor\u00eb anti-europian\u00eb lindor\u00eb dhe b\u00ebn show t\u00eb porositur anti-europ\u00eb sipas telekomandimit serborus q\u00eb i b\u00ebhet atij. Statusi i [&hellip;]<\/p>\n","protected":false},"author":2030,"featured_media":266423,"comment_status":"closed","ping_status":"closed","sticky":false,"template":"","format":"standard","meta":{"footnotes":""},"categories":[241,3366,5380,231,1454],"tags":[],"class_list":{"0":"post-266422","1":"post","2":"type-post","3":"status-publish","4":"format-standard","5":"has-post-thumbnail","7":"category-aktualitet","8":"category-koment","9":"category-kryesore","10":"category-lajme","11":"category-politike"},"_links":{"self":[{"href":"https:\/\/zjarr.tv\/en\/wp-json\/wp\/v2\/posts\/266422","targetHints":{"allow":["GET"]}}],"collection":[{"href":"https:\/\/zjarr.tv\/en\/wp-json\/wp\/v2\/posts"}],"about":[{"href":"https:\/\/zjarr.tv\/en\/wp-json\/wp\/v2\/types\/post"}],"author":[{"embeddable":true,"href":"https:\/\/zjarr.tv\/en\/wp-json\/wp\/v2\/users\/2030"}],"replies":[{"embeddable":true,"href":"https:\/\/zjarr.tv\/en\/wp-json\/wp\/v2\/comments?post=266422"}],"version-history":[{"count":0,"href":"https:\/\/zjarr.tv\/en\/wp-json\/wp\/v2\/posts\/266422\/revisions"}],"wp:featuredmedia":[{"embeddable":true,"href":"https:\/\/zjarr.tv\/en\/wp-json\/wp\/v2\/media\/266423"}],"wp:attachment":[{"href":"https:\/\/zjarr.tv\/en\/wp-json\/wp\/v2\/media?parent=266422"}],"wp:term":[{"taxonomy":"category","embeddable":true,"href":"https:\/\/zjarr.tv\/en\/wp-json\/wp\/v2\/categories?post=266422"},{"taxonomy":"post_tag","embeddable":true,"href":"https:\/\/zjarr.tv\/en\/wp-json\/wp\/v2\/tags?post=266422"}],"curies":[{"name":"wp","href":"https:\/\/api.w.org\/{rel}","templated":true}]}}