{"id":266450,"date":"2022-06-26T09:57:56","date_gmt":"2022-06-26T07:57:56","guid":{"rendered":"https:\/\/zjarr.tv\/?p=266450"},"modified":"2022-06-26T09:57:56","modified_gmt":"2022-06-26T07:57:56","slug":"habit-irini-qirjako-kane-dashur-te-me-rrembejne-ne-greqi","status":"publish","type":"post","link":"https:\/\/zjarr.tv\/en\/habit-irini-qirjako-kane-dashur-te-me-rrembejne-ne-greqi\/","title":{"rendered":"Habit Irini Qirjako: Kan\u00eb dashur t\u00eb m\u00eb \u201crr\u00ebmbejn\u00eb n\u00eb Greqi"},"content":{"rendered":"<p>K\u00ebng\u00ebtarja e mir\u00ebnjohur Irini Qirjako si rrall\u00eb her\u00eb ka folur p\u00ebr jet\u00ebn e saj artistike dhe private.<\/p>\n<p>Ajo ka zbuluar se shum\u00eb vite m\u00eb par\u00eb donin ta \u201crr\u00ebmbenin\u201d n\u00eb Greqi p\u00ebr nj\u00eb jet\u00eb m\u00eb t\u00eb mir\u00eb pasi Shqip\u00ebria ishte n\u00eb diktatur\u00eb.<\/p>\n<p>Mir\u00ebpo, Irini u shpreh se nuk pranoi pasi kishte frik\u00ebn e familjar\u00ebve t\u00eb saj.<\/p>\n<p>\u201cDilnim gati dy her\u00eb n\u00eb vit jasht\u00eb shtetit edhe n\u00eb koh\u00ebn e diktatur\u00ebs. Edhe po t\u00eb m\u00eb shkonte mendja un\u00eb kisha merakun e familjes, prandaj nuk doja t\u00eb arratisesha. M\u00eb kan\u00eb th\u00ebn\u00eb q\u00eb Irini ty donin t\u00eb t\u00eb \u201crr\u00ebmbenin\u201d,<\/p>\n<p>kishin plan rr\u00ebmbim p\u00ebr mir\u00eb n\u00eb Greqi t\u00eb m\u00eb mbanin duke m\u00eb ofruar kushte t\u00eb mira, por kisha merakun e familjes. Tani ma tha k\u00ebt\u00eb gj\u00eb nj\u00eb miku im para dy jav\u00ebsh n\u00eb Sarand\u00eb\u201d, tha k\u00ebng\u00ebtarja.<\/p>","protected":false},"excerpt":{"rendered":"<p>K\u00ebng\u00ebtarja e mir\u00ebnjohur Irini Qirjako si rrall\u00eb her\u00eb ka folur p\u00ebr jet\u00ebn e saj artistike dhe private. Ajo ka zbuluar se shum\u00eb vite m\u00eb par\u00eb donin ta \u201crr\u00ebmbenin\u201d n\u00eb Greqi p\u00ebr nj\u00eb jet\u00eb m\u00eb t\u00eb mir\u00eb pasi Shqip\u00ebria ishte n\u00eb diktatur\u00eb. Mir\u00ebpo, Irini u shpreh se nuk pranoi pasi kishte frik\u00ebn e familjar\u00ebve t\u00eb saj. [&hellip;]<\/p>\n","protected":false},"author":2031,"featured_media":266451,"comment_status":"closed","ping_status":"closed","sticky":false,"template":"","format":"standard","meta":{"footnotes":""},"categories":[241,231,235],"tags":[],"class_list":{"0":"post-266450","1":"post","2":"type-post","3":"status-publish","4":"format-standard","5":"has-post-thumbnail","7":"category-aktualitet","8":"category-lajme","9":"category-vendi"},"_links":{"self":[{"href":"https:\/\/zjarr.tv\/en\/wp-json\/wp\/v2\/posts\/266450","targetHints":{"allow":["GET"]}}],"collection":[{"href":"https:\/\/zjarr.tv\/en\/wp-json\/wp\/v2\/posts"}],"about":[{"href":"https:\/\/zjarr.tv\/en\/wp-json\/wp\/v2\/types\/post"}],"author":[{"embeddable":true,"href":"https:\/\/zjarr.tv\/en\/wp-json\/wp\/v2\/users\/2031"}],"replies":[{"embeddable":true,"href":"https:\/\/zjarr.tv\/en\/wp-json\/wp\/v2\/comments?post=266450"}],"version-history":[{"count":0,"href":"https:\/\/zjarr.tv\/en\/wp-json\/wp\/v2\/posts\/266450\/revisions"}],"wp:featuredmedia":[{"embeddable":true,"href":"https:\/\/zjarr.tv\/en\/wp-json\/wp\/v2\/media\/266451"}],"wp:attachment":[{"href":"https:\/\/zjarr.tv\/en\/wp-json\/wp\/v2\/media?parent=266450"}],"wp:term":[{"taxonomy":"category","embeddable":true,"href":"https:\/\/zjarr.tv\/en\/wp-json\/wp\/v2\/categories?post=266450"},{"taxonomy":"post_tag","embeddable":true,"href":"https:\/\/zjarr.tv\/en\/wp-json\/wp\/v2\/tags?post=266450"}],"curies":[{"name":"wp","href":"https:\/\/api.w.org\/{rel}","templated":true}]}}