{"id":266458,"date":"2022-06-26T10:20:55","date_gmt":"2022-06-26T08:20:55","guid":{"rendered":"https:\/\/zjarr.tv\/?p=266458"},"modified":"2022-06-26T10:20:55","modified_gmt":"2022-06-26T08:20:55","slug":"shkoi-ne-spital-me-krahun-e-demtuar-dhe-tha-se-u-rrezua-policia-i-gjen-kapuc-doreza-e-varre-hekuri-22-vjecarit-nga-elbasani","status":"publish","type":"post","link":"https:\/\/zjarr.tv\/en\/shkoi-ne-spital-me-krahun-e-demtuar-dhe-tha-se-u-rrezua-policia-i-gjen-kapuc-doreza-e-varre-hekuri-22-vjecarit-nga-elbasani\/","title":{"rendered":"Shkoi n\u00eb spital me krahun e d\u00ebmtuar dhe tha se u rr\u00ebzua, Policia i gjen kapu\u00e7, doreza e varre hekuri 22 vje\u00e7arit nga Elbasani"},"content":{"rendered":"<p>Nj\u00eb 22 vje\u00e7ar nga Elbasani ka shkuar n\u00eb spital me ambulanc\u00eb, pas mesnat\u00ebs, me d\u00ebmtime n\u00eb krah dhe pas ndihm\u00ebs s\u00eb par\u00eb mjek\u00ebsore \u00ebsht\u00eb nisur drejt Tiran\u00ebs.<\/p>\n<p>I riu ka th\u00ebn\u00eb se \u00ebsht\u00eb d\u00ebmtuar n\u00eb krah, si pasoj\u00eb e rr\u00ebzimit, por gjat\u00eb kontrollit n\u00eb makin\u00ebn e tij policia ka gjetur nj\u00eb kapu\u00e7, nj\u00eb pal\u00eb doreza, nj\u00eb matrapik dhe nj\u00eb varr\u00e9 hekuri, cka bie ndesh me deklarat\u00ebn e tij.<\/p>\n<p>Elbasan\/Informacione paraprake:<\/p>\n<p>M\u00eb dat\u00eb 26.06.2022, rreth or\u00ebs 02:30, ka shkuar me ambulanc\u00eb, n\u00eb spitalin e Elbasanit, i d\u00ebmtuar n\u00eb krah, shtetasi D. K., 22 vje\u00e7, banues n\u00eb lagjen \u201cTeqe\u201d, Peqin, i cili ka deklaruar se \u00ebsht\u00eb d\u00ebmtuar n\u00eb krah si pasoj\u00eb e rr\u00ebzimit.<\/p>\n<p>Gjat\u00eb kontrollit q\u00eb sh\u00ebrbimet e Policis\u00eb kan\u00eb ushtruar n\u00eb automjetin e 22-vje\u00e7arit, u gjet\u00ebn nj\u00eb kapu\u00e7, nj\u00eb pal\u00eb doreza, nj\u00eb matrapik dhe nj\u00eb varr\u00e9 hekuri, pajisje t\u00eb cilat dyshohet se ky shtetas i p\u00ebrdorte p\u00ebr t\u00eb kryer vjedhje.<\/p>\n<p>Shtetasi D. K. \u00ebsht\u00eb transportuar p\u00ebr ndihm\u00eb mjek\u00ebsore, n\u00eb spitalin e Tiran\u00ebs jasht\u00eb rrezikut p\u00ebr jet\u00ebn.<\/p>\n<p>Grupi hetimor, n\u00ebn drejtimin e Prokuroris\u00eb, vijon pun\u00ebn p\u00ebr zbardhjen e plot\u00eb t\u00eb rrethanave t\u00eb ngjarjes, p\u00ebr p\u00ebrcaktimin e shkakut dhe se me \u00e7far\u00eb \u00ebsht\u00eb d\u00ebmtuar n\u00eb krah, 22-vje\u00e7ari.<\/p>","protected":false},"excerpt":{"rendered":"<p>Nj\u00eb 22 vje\u00e7ar nga Elbasani ka shkuar n\u00eb spital me ambulanc\u00eb, pas mesnat\u00ebs, me d\u00ebmtime n\u00eb krah dhe pas ndihm\u00ebs s\u00eb par\u00eb mjek\u00ebsore \u00ebsht\u00eb nisur drejt Tiran\u00ebs. I riu ka th\u00ebn\u00eb se \u00ebsht\u00eb d\u00ebmtuar n\u00eb krah, si pasoj\u00eb e rr\u00ebzimit, por gjat\u00eb kontrollit n\u00eb makin\u00ebn e tij policia ka gjetur nj\u00eb kapu\u00e7, nj\u00eb pal\u00eb doreza, [&hellip;]<\/p>\n","protected":false},"author":2031,"featured_media":266459,"comment_status":"closed","ping_status":"closed","sticky":false,"template":"","format":"standard","meta":{"footnotes":""},"categories":[241,231,235],"tags":[],"class_list":{"0":"post-266458","1":"post","2":"type-post","3":"status-publish","4":"format-standard","5":"has-post-thumbnail","7":"category-aktualitet","8":"category-lajme","9":"category-vendi"},"_links":{"self":[{"href":"https:\/\/zjarr.tv\/en\/wp-json\/wp\/v2\/posts\/266458","targetHints":{"allow":["GET"]}}],"collection":[{"href":"https:\/\/zjarr.tv\/en\/wp-json\/wp\/v2\/posts"}],"about":[{"href":"https:\/\/zjarr.tv\/en\/wp-json\/wp\/v2\/types\/post"}],"author":[{"embeddable":true,"href":"https:\/\/zjarr.tv\/en\/wp-json\/wp\/v2\/users\/2031"}],"replies":[{"embeddable":true,"href":"https:\/\/zjarr.tv\/en\/wp-json\/wp\/v2\/comments?post=266458"}],"version-history":[{"count":0,"href":"https:\/\/zjarr.tv\/en\/wp-json\/wp\/v2\/posts\/266458\/revisions"}],"wp:featuredmedia":[{"embeddable":true,"href":"https:\/\/zjarr.tv\/en\/wp-json\/wp\/v2\/media\/266459"}],"wp:attachment":[{"href":"https:\/\/zjarr.tv\/en\/wp-json\/wp\/v2\/media?parent=266458"}],"wp:term":[{"taxonomy":"category","embeddable":true,"href":"https:\/\/zjarr.tv\/en\/wp-json\/wp\/v2\/categories?post=266458"},{"taxonomy":"post_tag","embeddable":true,"href":"https:\/\/zjarr.tv\/en\/wp-json\/wp\/v2\/tags?post=266458"}],"curies":[{"name":"wp","href":"https:\/\/api.w.org\/{rel}","templated":true}]}}