{"id":266615,"date":"2022-06-27T10:25:29","date_gmt":"2022-06-27T08:25:29","guid":{"rendered":"https:\/\/zjarr.tv\/?p=266615"},"modified":"2022-06-27T10:25:29","modified_gmt":"2022-06-27T08:25:29","slug":"ylli-manjani-rama-eshte-qelbur-ne-pushtet-atij-nuk-i-duhet-europa","status":"publish","type":"post","link":"https:\/\/zjarr.tv\/en\/ylli-manjani-rama-eshte-qelbur-ne-pushtet-atij-nuk-i-duhet-europa\/","title":{"rendered":"Ylli Manjani: Rama \u00ebsht\u00eb qelbur n\u00eb pushtet, atij nuk i duhet Europa"},"content":{"rendered":"<p>Nga Ylli Manjani<\/p>\n<p>Pyetja \u00ebsht\u00eb si ka mund\u00ebsi q\u00eb nxori gjith\u00eb at\u00eb helm kund\u00ebr Europ\u00ebs?!<\/p>\n<p>Sigurisht q\u00eb e ku\u00ebton r\u00ebnd\u00ebsin\u00eb e fjal\u00ebve q\u00eb l\u00ebshon. Nuk \u00ebsht\u00eb as budalla e as gomar, si i p\u00eblqen t\u00eb hiqet.<\/p>\n<p>At\u00ebher\u00eb si ka mund\u00ebsi?!<\/p>\n<p>Ai me Brukselin e kishte mir\u00eb..!?<\/p>\n<p>\u00cbsht\u00eb QELBUR N\u00cb PUSHTET. Kjo \u00ebsht\u00eb arsyeja. Ai ndjehet i fort\u00eb, i paz\u00ebvend\u00ebsuesh\u00ebm, i bindur q\u00eb do vdes\u00eb n\u00eb pushtet.<\/p>\n<p>Ai \u00ebsht\u00eb i sigurt\u00eb q\u00eb nuk ia merr njeri karriken. \u00cbsht\u00eb m\u00eb shum\u00eb se \u201ckolltukofag\u201d. \u00cbsht\u00eb qelbur aty n\u00eb pushtet. Jeton me er\u00ebn e tij. As hapja e dritareve nuk lejohet\u2026 Ai jeton i blinduar n\u00eb qelbjen e vet.<\/p>\n<p>Atij nuk e duhet Europa, por pushteti q\u00eb i k\u00ebnaq ndjesin\u00eb e qelbjes.<\/p>\n<p>P\u00ebr fat t\u00eb keq edhe mileti Europ\u00ebn e p\u00ebrdor p\u00ebr emigracion, ose p\u00ebr ta shar\u00eb \u201ckurv\u00eb\u201d. Dhe po ky milet ende p\u00eblqen at\u00eb q\u00eb \u00ebsht\u00eb qelbur n\u00eb pushtet.<\/p>\n<p>Ndaj dhe Ai sillet ashtu si\u00e7 sillet\u2026<\/p>\n<p>Ja k\u00ebshtu m\u00eb del hesapi mua\u2026<\/p>","protected":false},"excerpt":{"rendered":"<p>Nga Ylli Manjani Pyetja \u00ebsht\u00eb si ka mund\u00ebsi q\u00eb nxori gjith\u00eb at\u00eb helm kund\u00ebr Europ\u00ebs?! Sigurisht q\u00eb e ku\u00ebton r\u00ebnd\u00ebsin\u00eb e fjal\u00ebve q\u00eb l\u00ebshon. Nuk \u00ebsht\u00eb as budalla e as gomar, si i p\u00eblqen t\u00eb hiqet. At\u00ebher\u00eb si ka mund\u00ebsi?! Ai me Brukselin e kishte mir\u00eb..!? \u00cbsht\u00eb QELBUR N\u00cb PUSHTET. Kjo \u00ebsht\u00eb arsyeja. Ai ndjehet [&hellip;]<\/p>\n","protected":false},"author":2031,"featured_media":266616,"comment_status":"closed","ping_status":"closed","sticky":false,"template":"","format":"standard","meta":{"footnotes":""},"categories":[241,231,235],"tags":[],"class_list":{"0":"post-266615","1":"post","2":"type-post","3":"status-publish","4":"format-standard","5":"has-post-thumbnail","7":"category-aktualitet","8":"category-lajme","9":"category-vendi"},"_links":{"self":[{"href":"https:\/\/zjarr.tv\/en\/wp-json\/wp\/v2\/posts\/266615","targetHints":{"allow":["GET"]}}],"collection":[{"href":"https:\/\/zjarr.tv\/en\/wp-json\/wp\/v2\/posts"}],"about":[{"href":"https:\/\/zjarr.tv\/en\/wp-json\/wp\/v2\/types\/post"}],"author":[{"embeddable":true,"href":"https:\/\/zjarr.tv\/en\/wp-json\/wp\/v2\/users\/2031"}],"replies":[{"embeddable":true,"href":"https:\/\/zjarr.tv\/en\/wp-json\/wp\/v2\/comments?post=266615"}],"version-history":[{"count":0,"href":"https:\/\/zjarr.tv\/en\/wp-json\/wp\/v2\/posts\/266615\/revisions"}],"wp:featuredmedia":[{"embeddable":true,"href":"https:\/\/zjarr.tv\/en\/wp-json\/wp\/v2\/media\/266616"}],"wp:attachment":[{"href":"https:\/\/zjarr.tv\/en\/wp-json\/wp\/v2\/media?parent=266615"}],"wp:term":[{"taxonomy":"category","embeddable":true,"href":"https:\/\/zjarr.tv\/en\/wp-json\/wp\/v2\/categories?post=266615"},{"taxonomy":"post_tag","embeddable":true,"href":"https:\/\/zjarr.tv\/en\/wp-json\/wp\/v2\/tags?post=266615"}],"curies":[{"name":"wp","href":"https:\/\/api.w.org\/{rel}","templated":true}]}}