{"id":266619,"date":"2022-06-27T10:34:31","date_gmt":"2022-06-27T08:34:31","guid":{"rendered":"https:\/\/zjarr.tv\/?p=266619"},"modified":"2022-06-27T10:34:31","modified_gmt":"2022-06-27T08:34:31","slug":"rama-ne-shqiptaret-mendojme-se-jemi-me-te-vjetrit-greket-mendojne-se-majmunet-erdhen-pas-tyre","status":"publish","type":"post","link":"https:\/\/zjarr.tv\/en\/rama-ne-shqiptaret-mendojme-se-jemi-me-te-vjetrit-greket-mendojne-se-majmunet-erdhen-pas-tyre\/","title":{"rendered":"Rama: Ne shqiptar\u00ebt mendojm\u00eb se jemi m\u00eb t\u00eb vjetrit, grek\u00ebt mendojn\u00eb se majmun\u00ebt erdh\u00ebn pas tyre"},"content":{"rendered":"<p>Kryeministri Edi Rama t\u00eb shtun\u00ebn ka marr\u00eb pjes\u00eb bashk\u00eb me kancelarin e Austris\u00eb, Karl Nehammer, n\u00eb Forumin Europian Wachau me tem\u00ebn \u201cRuajtja e s\u00eb ardhmes s\u00eb Europ\u00ebs dhe zgjerimi i BE\u2019s\u00eb\u201d.<\/p>\n<p>N\u00eb fjalimin e mbajtur, p\u00ebrve\u00e7 kritikave q\u00eb i adresoi ndaj BE-s\u00eb q\u00eb nuk po l\u00ebviz n\u00eb raport me shtetet e Ballkanit, Rama b\u00ebri batuta edhe p\u00ebr ballkanasit. Ajo q\u00eb mori v\u00ebmendjen ishte beteja p\u00ebr t\u00eb \u201cv\u00ebrtetat historike\u201d rreth lasht\u00ebsis\u00eb s\u00eb popujve ballkanik\u00eb. Rama, n\u00eb k\u00ebt\u00eb aspekt, p\u00ebrmendi gar\u00ebn nd\u00ebrmjet shqiptar\u00ebve dhe grek\u00ebve se kush \u00ebsht\u00eb m\u00eb i mo\u00e7mi n\u00eb Gadishull.<\/p>\n<p>\u201cN\u00eb Ballkan ne t\u00eb gjith\u00eb kemi n\u00eb mendje se jemi m\u00eb t\u00eb vjetrit. Ne shqiptar\u00ebt mendojm\u00eb se jemi m\u00eb t\u00eb vjetrit, ata q\u00eb erdh\u00ebn pas majmuneve n\u00eb evolucionin e Darvinit. Po t\u2019i pyes\u00ebsh serb\u00ebt nuk t\u00eb l\u00ebn\u00eb hap\u00ebsir\u00eb, e l\u00ebre me grek\u00ebt q\u00eb mendojn\u00eb se vet\u00eb majmun\u00ebt erdh\u00ebn pas grek\u00ebve. Le te shkojm\u00eb te turqit, ata mund t\u00eb nisin nj\u00eb z\u00ebnk\u00eb t\u00eb madhe n\u00ebse \u00ebsht\u00eb kafe turke apo kafe greke. Nje kafe mjaft\u00eb e fort\u00eb q\u00eb me mir\u00eb mos ta provoni. Keshtu edhe maqedono-verior\u00ebt dhe bullgar\u00ebt e nj\u00ebjta gj\u00eb\u201d ka th\u00ebn\u00eb Rama.<\/p>\n<p>M\u00eb tej, kryeministri Rama i cili gjat\u00eb jav\u00ebs q\u00eb shkoi ishte i ashp\u00ebr me BE-n\u00eb gjat\u00eb fjalimit n\u00eb Austri e pranoi se jo vet\u00ebm BE ka faj q\u00eb nuk i zgjat dor\u00ebn rajonit t\u00eb Ballkanit Per\u00ebndimor.<\/p>\n<p>\u201cKeshtu q\u00eb keni durim me ne miqt\u00eb e dashur dhe mos harroni dhe pavar\u00ebsisht problemeve tona q\u00eb m\u00eb duhet t\u2019i theksoj, sepse kjo nuk n\u00ebnkupton se jemi viktim\u00eb e ndonj\u00eb padrejt\u00ebsie nuk \u00ebsht\u00eb kaq e thjesht\u00eb \u00ebsht\u00eb m\u00eb e komplikuar se kaq. Jemi t\u00eb gjith\u00eb viktima t\u00eb historis\u00eb son\u00eb e her\u00eb viktima t\u00eb vet\u00ebs, por jemi njer\u00ebz t\u00eb mir\u00eb, jemi njer\u00ebz besnik\u00eb dhe jemi t\u00eb \u00e7mendur, k\u00ebshtu q\u00eb m\u00eb mir\u00eb t\u00eb na keni me ju. Keshtu q\u00eb kur na keni me ju mund ta keni m\u00eb t\u00eb mir\u00ebn ton\u00eb t\u00eb qenit besnik\u00eb t\u00eb qenit\u00eb t\u00eb mir\u00eb, \u00e7mendurin\u00eb ton\u00eb mund ton\u00eb kur t\u00eb merreni me t\u00eb tjer\u00ebt\u201d ka theksuar Rama. \/Gazeta Express\/<\/p>","protected":false},"excerpt":{"rendered":"<p>Kryeministri Edi Rama t\u00eb shtun\u00ebn ka marr\u00eb pjes\u00eb bashk\u00eb me kancelarin e Austris\u00eb, Karl Nehammer, n\u00eb Forumin Europian Wachau me tem\u00ebn \u201cRuajtja e s\u00eb ardhmes s\u00eb Europ\u00ebs dhe zgjerimi i BE\u2019s\u00eb\u201d. N\u00eb fjalimin e mbajtur, p\u00ebrve\u00e7 kritikave q\u00eb i adresoi ndaj BE-s\u00eb q\u00eb nuk po l\u00ebviz n\u00eb raport me shtetet e Ballkanit, Rama b\u00ebri batuta [&hellip;]<\/p>\n","protected":false},"author":2031,"featured_media":266620,"comment_status":"closed","ping_status":"closed","sticky":false,"template":"","format":"standard","meta":{"footnotes":""},"categories":[241,231,235],"tags":[],"class_list":{"0":"post-266619","1":"post","2":"type-post","3":"status-publish","4":"format-standard","5":"has-post-thumbnail","7":"category-aktualitet","8":"category-lajme","9":"category-vendi"},"_links":{"self":[{"href":"https:\/\/zjarr.tv\/en\/wp-json\/wp\/v2\/posts\/266619","targetHints":{"allow":["GET"]}}],"collection":[{"href":"https:\/\/zjarr.tv\/en\/wp-json\/wp\/v2\/posts"}],"about":[{"href":"https:\/\/zjarr.tv\/en\/wp-json\/wp\/v2\/types\/post"}],"author":[{"embeddable":true,"href":"https:\/\/zjarr.tv\/en\/wp-json\/wp\/v2\/users\/2031"}],"replies":[{"embeddable":true,"href":"https:\/\/zjarr.tv\/en\/wp-json\/wp\/v2\/comments?post=266619"}],"version-history":[{"count":0,"href":"https:\/\/zjarr.tv\/en\/wp-json\/wp\/v2\/posts\/266619\/revisions"}],"wp:featuredmedia":[{"embeddable":true,"href":"https:\/\/zjarr.tv\/en\/wp-json\/wp\/v2\/media\/266620"}],"wp:attachment":[{"href":"https:\/\/zjarr.tv\/en\/wp-json\/wp\/v2\/media?parent=266619"}],"wp:term":[{"taxonomy":"category","embeddable":true,"href":"https:\/\/zjarr.tv\/en\/wp-json\/wp\/v2\/categories?post=266619"},{"taxonomy":"post_tag","embeddable":true,"href":"https:\/\/zjarr.tv\/en\/wp-json\/wp\/v2\/tags?post=266619"}],"curies":[{"name":"wp","href":"https:\/\/api.w.org\/{rel}","templated":true}]}}