{"id":266626,"date":"2022-06-27T10:46:54","date_gmt":"2022-06-27T08:46:54","guid":{"rendered":"https:\/\/zjarr.tv\/?p=266626"},"modified":"2022-06-27T10:46:54","modified_gmt":"2022-06-27T08:46:54","slug":"kerkon-pafajesine-ne-apel-edhe-pse-u-lirua-deshton-seanca-e-pare-ndaj-ish-gjyqtares-enkeleda-hoxha","status":"publish","type":"post","link":"https:\/\/zjarr.tv\/en\/kerkon-pafajesine-ne-apel-edhe-pse-u-lirua-deshton-seanca-e-pare-ndaj-ish-gjyqtares-enkeleda-hoxha\/","title":{"rendered":"K\u00ebrkon pafaj\u00ebsin\u00eb n\u00eb Apel edhe pse u lirua, d\u00ebshton seanca e par\u00eb ndaj ish-gjyqtares Enkeleda Hoxha"},"content":{"rendered":"<p>D\u00ebshton seanca e Par\u00eb n\u00eb Apel ndaj ish-gjyqtares s\u00eb Kruj\u00ebs Enkeleda Hoxha dhe t\u00eb pandehurve t\u00eb tjer\u00eb.  Shkak i shtyrjes s\u00eb seanc\u00ebs u b\u00eb mungesa e gjyqtatres Saida Dollani. Disa muaj me par\u00eb-ish gjyqtarja u d\u00ebnua me 2 vite burg, nd\u00ebrsa n\u00eb fillim t\u00eb k\u00ebtij muaji ajo u lirua nga burgu, pasi ajo e ka shlyer d\u00ebnimin, duke llogaritur edhe paraburgimin.<\/p>\n<p>Gjykata shuajti  mas\u00ebn edhe  p\u00ebr Manuela Mallku\u00e7in, ish-kryesekretaren e Gjykat\u00ebs s\u00eb Kruj\u00ebs, q\u00eb gjithashtu shleu d\u00ebnim. Dy ish-zyrtaret e Gjykat\u00ebs s\u00eb Krujas u arrestuan me k\u00ebrkes\u00eb t\u00eb SPAK n\u00eb 11 Shkurt t\u00eb 2021-shit.<\/p>\n<p>Ish-magjistratja dhe vart\u00ebsja e saj u d\u00ebnuan me nga dy vite burg p\u00ebr akuzat e korrupsionit e shp\u00ebrdorimit t\u00eb detyr\u00ebs, pasi kishin krijuar nj\u00eb skem\u00eb q\u00eb lironin t\u00eb d\u00ebnuarit me kusht. <\/p>\n<p>Pavar\u00ebsisht shlyerjes s\u00eb d\u00ebnimit ish-gjyqtarja Hoxha dhe ish-kryesekretarja Mallku\u00e7i kan\u00eb ankimuar vendimin e faj\u00ebsis\u00eb dhe procesi ndaj tyre \u00ebsht\u00eb n\u00eb faz\u00eb gjykimi n\u00eb Apel.<\/p>\n<p>Hetimi disa mujor zbuloi se si gjyqtarja Hoxha kishte shuar disa d\u00ebnime t\u00eb p\u00ebrjetshme t\u00eb personazheve t\u00eb njohur t\u00eb bot\u00ebs s\u00eb krimit. N\u00eb k\u00ebt\u00eb skem\u00eb ishte i p\u00ebrfshir\u00eb dhe avokati Aldo Tabaku, ky i fundit vijon t\u00eb q\u00ebndroj\u00eb n\u00eb burg, pasi GJKKO e d\u00ebnoi me 4 vite burg. Referuar dosjes SPAK, t\u00eb d\u00ebnuarit zgjidhnin avokat Aldo Tabakun, i cili kishte kontakte t\u00eb ngushta me gjyqtaren Enkeleda Hoxha. Nga ana tjet\u00ebr, sekretarja e gjykat\u00ebs b\u00ebnte t\u00eb mundur q\u00eb \u00e7\u00ebshtja t\u00eb kalonte p\u00ebr shqyrtim pik\u00ebrisht nga gjyqtarja Enkeleda Hoxha, e cila merrte vendim pro k\u00ebrkuesve. \/abcnews.al<\/p>","protected":false},"excerpt":{"rendered":"<p>D\u00ebshton seanca e Par\u00eb n\u00eb Apel ndaj ish-gjyqtares s\u00eb Kruj\u00ebs Enkeleda Hoxha dhe t\u00eb pandehurve t\u00eb tjer\u00eb. Shkak i shtyrjes s\u00eb seanc\u00ebs u b\u00eb mungesa e gjyqtatres Saida Dollani. Disa muaj me par\u00eb-ish gjyqtarja u d\u00ebnua me 2 vite burg, nd\u00ebrsa n\u00eb fillim t\u00eb k\u00ebtij muaji ajo u lirua nga burgu, pasi ajo e ka [&hellip;]<\/p>\n","protected":false},"author":2031,"featured_media":163841,"comment_status":"closed","ping_status":"closed","sticky":false,"template":"","format":"standard","meta":{"footnotes":""},"categories":[241,231,235],"tags":[],"class_list":{"0":"post-266626","1":"post","2":"type-post","3":"status-publish","4":"format-standard","5":"has-post-thumbnail","7":"category-aktualitet","8":"category-lajme","9":"category-vendi"},"_links":{"self":[{"href":"https:\/\/zjarr.tv\/en\/wp-json\/wp\/v2\/posts\/266626","targetHints":{"allow":["GET"]}}],"collection":[{"href":"https:\/\/zjarr.tv\/en\/wp-json\/wp\/v2\/posts"}],"about":[{"href":"https:\/\/zjarr.tv\/en\/wp-json\/wp\/v2\/types\/post"}],"author":[{"embeddable":true,"href":"https:\/\/zjarr.tv\/en\/wp-json\/wp\/v2\/users\/2031"}],"replies":[{"embeddable":true,"href":"https:\/\/zjarr.tv\/en\/wp-json\/wp\/v2\/comments?post=266626"}],"version-history":[{"count":0,"href":"https:\/\/zjarr.tv\/en\/wp-json\/wp\/v2\/posts\/266626\/revisions"}],"wp:featuredmedia":[{"embeddable":true,"href":"https:\/\/zjarr.tv\/en\/wp-json\/wp\/v2\/media\/163841"}],"wp:attachment":[{"href":"https:\/\/zjarr.tv\/en\/wp-json\/wp\/v2\/media?parent=266626"}],"wp:term":[{"taxonomy":"category","embeddable":true,"href":"https:\/\/zjarr.tv\/en\/wp-json\/wp\/v2\/categories?post=266626"},{"taxonomy":"post_tag","embeddable":true,"href":"https:\/\/zjarr.tv\/en\/wp-json\/wp\/v2\/tags?post=266626"}],"curies":[{"name":"wp","href":"https:\/\/api.w.org\/{rel}","templated":true}]}}