{"id":266634,"date":"2022-06-27T11:00:50","date_gmt":"2022-06-27T09:00:50","guid":{"rendered":"https:\/\/zjarr.tv\/?p=266634"},"modified":"2022-06-27T11:00:50","modified_gmt":"2022-06-27T09:00:50","slug":"matura-shteterore-punuam-dite-e-nate-per-te-publikuar-ne-kohe-rekord-rezultatet-kushi-vleresimi-i-bazuar-ne-meritokraci","status":"publish","type":"post","link":"https:\/\/zjarr.tv\/en\/matura-shteterore-punuam-dite-e-nate-per-te-publikuar-ne-kohe-rekord-rezultatet-kushi-vleresimi-i-bazuar-ne-meritokraci\/","title":{"rendered":"Matura Shtet\u00ebrore\/ \u201cPunuam dit\u00eb e nat\u00eb p\u00ebr t\u00eb publikuar n\u00eb koh\u00eb rekord rezultatet\u201d, Kushi: Vler\u00ebsimi i bazuar n\u00eb meritokraci"},"content":{"rendered":"<p>Ministrja e Arsimit dhe Sportit Evis Kushi menj\u00ebher\u00eb pas provimit t\u00eb fundit t\u00eb matur\u00ebs, pasi ka ndjekur me v\u00ebmendje shqet\u00ebsimet e maturant\u00ebve n\u00eb lidhje me testin e biologjis\u00eb, i ka dh\u00ebn\u00eb p\u00ebrgjigje dyshimeve t\u00eb shfaqura.<\/p>\n<p>Pas nj\u00eb pune konsultuese dhe vler\u00ebsuese intensive disa ditore me m\u00ebsues dhe ekspert\u00eb t\u00eb fush\u00ebs, u b\u00eb vler\u00ebsimi i cil\u00ebsis\u00eb s\u00eb testit.<\/p>\n<p>Kushi shprehet se shum\u00eb prej maturant\u00ebve kan\u00eb shk\u00eblqyer, madje p\u00ebrtej pritshm\u00ebrive, duke v\u00ebrtetuar q\u00eb testi ka qen\u00eb nj\u00eb mat\u00ebs i mir\u00eb i p\u00ebrgatitjes s\u00eb gjithsecilit.<\/p>\n<p>Ministrja thekson se pas vler\u00ebsimit t\u00eb b\u00ebr\u00eb, \u00ebsht\u00eb konfirmuar q\u00eb testi nuk ka asnj\u00eb gabim shkencor dhe pyetjet jan\u00eb hartuar sipas niveleve t\u00eb v\u00ebshtir\u00ebsis\u00eb p\u00ebr t\u00eb diferencuar secil\u00ebn not\u00eb.<\/p>\n<p>Mesazhi i plot\u00eb i ministres Kushi:<\/p>\n<p>T\u00eb dashur maturant\u00eb,<\/p>\n<p>Si\u00e7 ju premtuam, menj\u00ebher\u00eb pas provimit t\u00eb biologjis\u00eb u angazhuam maksimalisht me m\u00ebsuesit dhe ekspert\u00ebt m\u00eb t\u00eb mir\u00eb, p\u00ebr t\u00eb vler\u00ebsuar testin dhe p\u00ebr t\u00eb marr\u00eb t\u00eb gjitha masat e nevojshme q\u00eb secili prej jush t\u00eb ket\u00eb vler\u00ebsim t\u00eb drejt\u00eb, sipas nivelit t\u00eb arritjeve.<\/p>\n<p>Ju konfirmoj q\u00eb testi nuk ka asnj\u00eb gabim shkencor dhe pyetjet jan\u00eb hartuar sipas niveleve t\u00eb v\u00ebshtir\u00ebsis\u00eb, p\u00ebr t\u00eb diferencuar secil\u00ebn not\u00eb, e p\u00ebr t\u00eb mos penalizuar as nx\u00ebn\u00ebsit e shk\u00eblqyer, por p\u00ebr t\u00eb vler\u00ebsuar t\u00eb gjith\u00eb sipas pun\u00ebs e merit\u00ebs.<\/p>\n<p>Nisur nga shqet\u00ebsimet tuaja, kemi punuar dit\u00eb e nat\u00eb me m\u00ebsuesit vler\u00ebsues p\u00ebr t\u00eb garantuar shpalljen e rezultateve, me cil\u00ebsi t\u00eb lart\u00eb dhe n\u00eb koh\u00eb sa m\u00eb t\u00eb shpejt\u00eb.<\/p>\n<p>Jam shum\u00eb e k\u00ebnaqur q\u00eb shum\u00eb prej jush kan\u00eb shk\u00eblqyer, madje edhe p\u00ebrtej pritshm\u00ebrive, duke v\u00ebrtetuar q\u00eb testi ka qen\u00eb nj\u00eb mat\u00ebs i mir\u00eb i p\u00ebrgatitjes s\u00eb gjithsecilit.<\/p>\n<p>Tashm\u00eb rezultatet jan\u00eb t\u00eb publikuara n\u00eb faqen zyrtare t\u00eb Qendr\u00ebs s\u00eb Sh\u00ebrbimeve Arsimore dhe secili prej jush mund t\u00eb gjej\u00eb vler\u00ebsimin e testit t\u00eb tij.<\/p>\n<p>Sot gjat\u00eb dit\u00ebs do t\u00eb publikoj edhe disa teste t\u00eb maturant\u00ebve q\u00eb jan\u00eb p\u00ebrgjigjur sakt\u00eb dhe kan\u00eb marr\u00eb pik\u00ebt maksimale.<\/p>\n<p>Ju uroj t\u00eb gjith\u00ebve shum\u00eb suksese n\u00eb vazhdimin e rrug\u00ebtimit tuaj drejt dijes!<\/p>","protected":false},"excerpt":{"rendered":"<p>Ministrja e Arsimit dhe Sportit Evis Kushi menj\u00ebher\u00eb pas provimit t\u00eb fundit t\u00eb matur\u00ebs, pasi ka ndjekur me v\u00ebmendje shqet\u00ebsimet e maturant\u00ebve n\u00eb lidhje me testin e biologjis\u00eb, i ka dh\u00ebn\u00eb p\u00ebrgjigje dyshimeve t\u00eb shfaqura. Pas nj\u00eb pune konsultuese dhe vler\u00ebsuese intensive disa ditore me m\u00ebsues dhe ekspert\u00eb t\u00eb fush\u00ebs, u b\u00eb vler\u00ebsimi i cil\u00ebsis\u00eb [&hellip;]<\/p>\n","protected":false},"author":2030,"featured_media":266637,"comment_status":"closed","ping_status":"closed","sticky":false,"template":"","format":"standard","meta":{"footnotes":""},"categories":[241,3366,5380,231],"tags":[],"class_list":{"0":"post-266634","1":"post","2":"type-post","3":"status-publish","4":"format-standard","5":"has-post-thumbnail","7":"category-aktualitet","8":"category-koment","9":"category-kryesore","10":"category-lajme"},"_links":{"self":[{"href":"https:\/\/zjarr.tv\/en\/wp-json\/wp\/v2\/posts\/266634","targetHints":{"allow":["GET"]}}],"collection":[{"href":"https:\/\/zjarr.tv\/en\/wp-json\/wp\/v2\/posts"}],"about":[{"href":"https:\/\/zjarr.tv\/en\/wp-json\/wp\/v2\/types\/post"}],"author":[{"embeddable":true,"href":"https:\/\/zjarr.tv\/en\/wp-json\/wp\/v2\/users\/2030"}],"replies":[{"embeddable":true,"href":"https:\/\/zjarr.tv\/en\/wp-json\/wp\/v2\/comments?post=266634"}],"version-history":[{"count":0,"href":"https:\/\/zjarr.tv\/en\/wp-json\/wp\/v2\/posts\/266634\/revisions"}],"wp:featuredmedia":[{"embeddable":true,"href":"https:\/\/zjarr.tv\/en\/wp-json\/wp\/v2\/media\/266637"}],"wp:attachment":[{"href":"https:\/\/zjarr.tv\/en\/wp-json\/wp\/v2\/media?parent=266634"}],"wp:term":[{"taxonomy":"category","embeddable":true,"href":"https:\/\/zjarr.tv\/en\/wp-json\/wp\/v2\/categories?post=266634"},{"taxonomy":"post_tag","embeddable":true,"href":"https:\/\/zjarr.tv\/en\/wp-json\/wp\/v2\/tags?post=266634"}],"curies":[{"name":"wp","href":"https:\/\/api.w.org\/{rel}","templated":true}]}}