{"id":266640,"date":"2022-06-27T11:07:51","date_gmt":"2022-06-27T09:07:51","guid":{"rendered":"https:\/\/zjarr.tv\/?p=266640"},"modified":"2022-06-27T11:07:51","modified_gmt":"2022-06-27T09:07:51","slug":"7-korriku-dhe-rreziku-nga-banalizimi-i-te-keqes-nen-edi-ramen","status":"publish","type":"post","link":"https:\/\/zjarr.tv\/en\/7-korriku-dhe-rreziku-nga-banalizimi-i-te-keqes-nen-edi-ramen\/","title":{"rendered":"7 korriku dhe rreziku nga banalizimi i t\u00eb keqes n\u00ebn Edi Ram\u00ebn"},"content":{"rendered":"<p>Nga Akil Kraja<\/p>\n<p>Rip\u00ebrs\u00ebritja e b\u00ebn \u00e7do gj\u00eb t\u00eb rrall\u00eb t\u00eb duket normale. \u00c7do gj\u00eb unike kthehet n\u00eb monotone. E jasht\u00ebzakonshmja b\u00ebhet banale. Pak nga pak, gjith\u00e7ka b\u00ebhet e pranueshme. Sipas Hannah Arendt, regjimet totalitare e gjejn\u00eb forc\u00ebn e tyre pik\u00ebrisht tek ky koncept. Nj\u00eb nd\u00ebr autoret m\u00eb t\u00eb r\u00ebnd\u00ebsishme mbi analiz\u00ebn e formimit t\u00eb diktaturave gjat\u00eb shekullit t\u00eb XX, ajo e cil\u00ebsoi k\u00ebt\u00eb fenomen si banaliteti i t\u00eb keqes.<\/p>\n<p>N\u00ebp\u00ebrmjet nj\u00eb pro\u00e7esi rip\u00ebrs\u00ebritje dhe tjet\u00ebrsimi t\u00eb ngadalt\u00eb, e papranueshmja e djeshme arrin t\u00eb pranohet si normalja e sotme. Dit\u00eb pas dite, njer\u00ebzit e dor\u00ebzuar p\u00ebrball\u00eb rutin\u00ebs s\u00eb vlerave t\u00eb reja, qofshin k\u00ebto kriminale, b\u00ebhen gjithnj\u00eb e m\u00eb t\u00eb pandjesh\u00ebm. Dhe mbi indiferenc\u00ebn e p\u00ebrgjithshme, nj\u00eb shoq\u00ebri e avancuar si ajo gjermane arrin t\u00eb pranoj\u00eb dhe gjenocidin nazist. Vrasja b\u00ebhet e zakonshme. Shkat\u00ebrrimi b\u00ebhet i pranuesh\u00ebm.<\/p>\n<p>Ardit Gjoklaj, nj\u00eb i ri 17-vje\u00e7ar u vra n\u00eb landfillin e Sharr\u00ebs teksa punonte n\u00eb t\u00eb zez\u00eb p\u00ebr t\u00eb bler\u00eb libra. Askush nuk u shpall fajtor dhe pse shkeljet e ligjit ishin flagrante. Lajmi u venit dhe tre vite m\u00eb pas, 24 shqiptar\u00eb u vran\u00eb gjat\u00eb t\u00ebrmetit n\u00eb Thuman\u00eb s\u00ebrish sepse ligji u shkel n\u00eb m\u00ebnyr\u00ebn m\u00eb abuzive. P\u00ebrs\u00ebri asnj\u00eb i d\u00ebnuar. Vrasja e Klodian Rash\u00ebs prodhoi nj\u00eb shk\u00ebndij\u00eb q\u00eb u shua n\u00eb vet\u00ebm pak dit\u00eb. Ngjarje pas ngjarje, tragjedi pas tragjedie, abuzim pas abuzimi, sot, p\u00ebr her\u00eb t\u00eb par\u00eb n\u00eb historin\u00eb shekullore t\u00eb shtetit shqiptar, kemi m\u00eb shum\u00eb vdekje se lindje. Sot, p\u00ebr her\u00eb t\u00eb par\u00eb kryesojm\u00eb mbi \u00e7do shtet tjet\u00ebr p\u00ebr numrin e azil-k\u00ebrkuesve dhe t\u00eb aplikant\u00ebve p\u00ebr lotarin\u00eb amerikane p\u00ebr num\u00ebr banor\u00ebsh. Vendi po rrudhet dhe po braktiset masivisht. Shqip\u00ebria \u00ebsht\u00eb n\u00eb rrezik.<\/p>\n<p>Por n\u00eb regjimin e banalitetit t\u00eb s\u00eb keqes, kjo \u00ebsht\u00eb nj\u00eb normale e re q\u00eb nuk krijon lajm pasi e keqja \u00ebsht\u00eb b\u00ebr\u00eb pjes\u00eb e rutin\u00ebs son\u00eb.<\/p>\n<p>Digjen pyje dhe mbar\u00eb vendi se vidhen fondet e mir\u00ebmbajtjes s\u00eb helikopter\u00ebve t\u00eb ushtris\u00eb. Mungojn\u00eb ila\u00e7et kundra kancerit sepse Ministria e Sh\u00ebndet\u00ebsis\u00eb mban rekord me tendera sekret\u00eb e koncesione sh\u00ebndet\u00ebsore. Mbar\u00eb bregu dhe jugu i vendit vuan p\u00ebr uj\u00eb, por jemi t\u00eb gatsh\u00ebm t\u00eb furnizojm\u00eb Korfuzin me burimin e syrit t\u00eb kalt\u00ebr. Vidhen 450 milion euro nga incenerator\u00eb fantazm\u00eb nd\u00ebrkoh\u00eb q\u00eb eksportojm\u00eb drog\u00eb e importojm\u00eb plehra. Paguajm\u00eb \u00e7mimin e naft\u00ebs m\u00eb shtrenjt\u00eb se n\u00eb Zvic\u00ebr, por pagat jan\u00eb m\u00eb t\u00eb ul\u00ebtat n\u00eb Ballkan. N\u00eb gjendjen e skandalit t\u00eb p\u00ebrhersh\u00ebm, tanim\u00eb gjith\u00e7ka \u00ebsht\u00eb normale.<\/p>\n<p>\u00cbsht\u00eb b\u00ebr\u00eb normale dhe m\u00eb e papranueshmja, e cila trajtohet si nj\u00eb lajm kronike. A nuk ndodhi k\u00ebshtu me refuzimin e nj\u00eb rezolute mbi krimet gjenocidare serbe nga Parlamenti Shqiptar? A nuk ndodhi k\u00ebshtu me sulmin e Edi Ram\u00ebs ndaj Bashkimit Europian n\u00eb krah t\u00eb ish-ministrit t\u00eb propagand\u00ebs t\u00eb Miloshevi\u00e7it? Kjo do t\u00eb ishte e paimagjinueshme disa vite m\u00eb par\u00eb!<\/p>\n<p>S\u00ebrish e pakonceptueshme, q\u00eb nj\u00eb dit\u00eb Shqip\u00ebria mund t\u00eb k\u00ebrkoj\u00eb t\u00eb bashkohet menj\u00eb Jugosllavi t\u00eb re n\u00eb kurriz t\u00eb Kosov\u00ebs. Nj\u00eb normale e re kjo, pasi Edi Rama quan mike nj\u00eb Kryeministre q\u00eb p\u00ebrbuz gjakun shqiptar duke e trajtuar vet\u00ebm si \u00e7\u00ebshtje numrash.<\/p>\n<p>Spiralja e keq-qeverisjes n\u00eb t\u00eb cil\u00ebn Edi Rama ka futur vendin do t\u00eb degradoj\u00eb dhe m\u00eb tej. Rikthimi i diktatur\u00ebs po b\u00ebhet nj\u00eb mund\u00ebsi reale. \u00cbsht\u00eb e paevitueshme, do t\u00eb b\u00ebhet dhe m\u00eb keq. Pluralizmi i ka l\u00ebn\u00eb vendin shtetit-parti ku \u00e7do pushtet, q\u00eb nga bashkit\u00eb, parlamenti, gjyq\u00ebsori e deri tek presidenca, jan\u00eb t\u00eb gjitha n\u00ebn drejtimin e nj\u00eb force politike t\u00eb vetme. Ja sesi e papranueshmja po b\u00ebhet e zakonshme.<\/p>\n<p>Protesta e 7 korrikut \u00ebsht\u00eb nj\u00eb hap i domosdosh\u00ebm p\u00ebr t\u00eb thyer ciklin e banalizimit t\u00eb s\u00eb keqes dhe t\u00eb tat\u00ebpjet\u00ebs totalitare drejt t\u00eb cil\u00ebs po rr\u00ebshqet vendi. P\u00ebr \u00e7do dit\u00eb q\u00eb kalon, p\u00ebr \u00e7do skandal q\u00eb shp\u00ebrthen, p\u00ebr \u00e7do krim q\u00eb kalon pa u nd\u00ebshkuar, ai i radh\u00ebs do t\u00eb jet\u00eb dhe m\u00eb i madh, dhe m\u00eb i pabesuesh\u00ebm dhe m\u00eb i r\u00ebnd\u00eb se i m\u00ebparshmi.<\/p>\n<p>Ky cik\u00ebl shkat\u00ebrrimtar e ka vendosur Shqip\u00ebrin\u00eb n\u00eb nj\u00eb rrezik t\u00eb tmerrsh\u00ebm. At\u00eb t\u00eb shpopullimit dhe t\u00eb varf\u00ebrimit masiv. Ata q\u00eb shprehen se \u201c\u00e7\u2019m\u00eb duhet mua\u201d duhet t\u00eb kuptojn\u00eb se asnj\u00eb pron\u00eb private nuk \u00ebsht\u00eb e paprekshme, asnj\u00eb familje nuk \u00ebsht\u00eb e mbrojtur, asnj\u00eb investim nuk \u00ebsht\u00eb i sigurt.<\/p>\n<p>M\u00eb 7 korrik, nuk ka zgjidhje tjet\u00ebr p\u00ebrpos nj\u00eb bashkimi komb\u00ebtar n\u00ebn nj\u00eb front unik p\u00ebr t\u2019i dh\u00ebn\u00eb fund t\u00eb keqes q\u00eb e ka kthyer Shqip\u00ebrin\u00eb n\u00eb nj\u00eb njoll\u00eb krimi, korrupsioni dhe turpi anti-komb\u00ebtar p\u00ebr mbar\u00eb Evrop\u00ebn.<\/p>","protected":false},"excerpt":{"rendered":"<p>Nga Akil Kraja Rip\u00ebrs\u00ebritja e b\u00ebn \u00e7do gj\u00eb t\u00eb rrall\u00eb t\u00eb duket normale. \u00c7do gj\u00eb unike kthehet n\u00eb monotone. E jasht\u00ebzakonshmja b\u00ebhet banale. Pak nga pak, gjith\u00e7ka b\u00ebhet e pranueshme. Sipas Hannah Arendt, regjimet totalitare e gjejn\u00eb forc\u00ebn e tyre pik\u00ebrisht tek ky koncept. Nj\u00eb nd\u00ebr autoret m\u00eb t\u00eb r\u00ebnd\u00ebsishme mbi analiz\u00ebn e formimit t\u00eb [&hellip;]<\/p>\n","protected":false},"author":2030,"featured_media":266641,"comment_status":"closed","ping_status":"closed","sticky":false,"template":"","format":"standard","meta":{"footnotes":""},"categories":[241,364,5380,231,1454],"tags":[],"class_list":{"0":"post-266640","1":"post","2":"type-post","3":"status-publish","4":"format-standard","5":"has-post-thumbnail","7":"category-aktualitet","8":"category-koment-opinion","9":"category-kryesore","10":"category-lajme","11":"category-politike"},"_links":{"self":[{"href":"https:\/\/zjarr.tv\/en\/wp-json\/wp\/v2\/posts\/266640","targetHints":{"allow":["GET"]}}],"collection":[{"href":"https:\/\/zjarr.tv\/en\/wp-json\/wp\/v2\/posts"}],"about":[{"href":"https:\/\/zjarr.tv\/en\/wp-json\/wp\/v2\/types\/post"}],"author":[{"embeddable":true,"href":"https:\/\/zjarr.tv\/en\/wp-json\/wp\/v2\/users\/2030"}],"replies":[{"embeddable":true,"href":"https:\/\/zjarr.tv\/en\/wp-json\/wp\/v2\/comments?post=266640"}],"version-history":[{"count":0,"href":"https:\/\/zjarr.tv\/en\/wp-json\/wp\/v2\/posts\/266640\/revisions"}],"wp:featuredmedia":[{"embeddable":true,"href":"https:\/\/zjarr.tv\/en\/wp-json\/wp\/v2\/media\/266641"}],"wp:attachment":[{"href":"https:\/\/zjarr.tv\/en\/wp-json\/wp\/v2\/media?parent=266640"}],"wp:term":[{"taxonomy":"category","embeddable":true,"href":"https:\/\/zjarr.tv\/en\/wp-json\/wp\/v2\/categories?post=266640"},{"taxonomy":"post_tag","embeddable":true,"href":"https:\/\/zjarr.tv\/en\/wp-json\/wp\/v2\/tags?post=266640"}],"curies":[{"name":"wp","href":"https:\/\/api.w.org\/{rel}","templated":true}]}}