{"id":266644,"date":"2022-06-27T11:18:18","date_gmt":"2022-06-27T09:18:18","guid":{"rendered":"https:\/\/zjarr.tv\/?p=266644"},"modified":"2022-06-27T11:18:18","modified_gmt":"2022-06-27T09:18:18","slug":"skandali-me-rrenimin-e-pallatit-te-sportit-berisha-denoncon-veliajn-rinderton-per-te-vjedhur","status":"publish","type":"post","link":"https:\/\/zjarr.tv\/en\/skandali-me-rrenimin-e-pallatit-te-sportit-berisha-denoncon-veliajn-rinderton-per-te-vjedhur\/","title":{"rendered":"Skandali me rr\u00ebnimin e Pallatit t\u00eb Sportit\/ Berisha denoncon Veliajn: Rind\u00ebrton p\u00ebr t\u00eb vjedhur"},"content":{"rendered":"<p>Kryetari demokrat, Sali Berisha, publikoi nj\u00eb tjet\u00ebr skandal t\u00eb kryebashkiakut t\u00eb Tiran\u00ebs, Erion Veliaj. B\u00ebhet fjal\u00eb p\u00ebr Pallatin e Sportit \u2018Farie Hoti\u2019.<\/p>\n<p>\u201cRind\u00ebrto, prish dhe rind\u00ebrto p\u00ebr t\u00eb vjedhur! Moto e Lali Vjedh\u00ebsit!<\/p>\n<p>Pallati i Sportit \u201cFarie Hoti\u201d rr\u00ebnohet s\u00ebrish pas rind\u00ebrtimit! Hajna si k\u00ebta nuk ka toka!\u201d shkruan Berisha.<\/p>\n<p>\u201cPara 5 muajve, Erion Betoni inauguroi rikonstruktimin e Pallatit t\u00eb Sportit \u201cFarie Hoti\u201d, nga ku tha se \u201cMe pun\u00eb arrihet gjith\u00e7ka, e ky \u00ebsht\u00eb vet\u00ebm fillimi\u201d.<\/p>\n<p>Ndiqni k\u00ebto pamje p\u00ebr t\u00eb kuptuar pun\u00ebn e Erion Betonit, Lali Vjedh\u00ebsit dhe moton e tij: Rind\u00ebrto, prish dhe rind\u00ebrto p\u00ebr t\u00eb vjedhur.<\/p>\n<p>Ky \u00ebsht\u00eb fillimi i serialit t\u00eb vjedhjeve me rikonstruktim t\u00eb vazhduesh\u00ebm. Vjedhje! Turp!<\/p>\n<p>Ai si \u00e7\u2019ka th\u00ebn\u00eb edhe vet\u00eb SPAK-un e ka n\u00eb xhep!,\u201d vijon m\u00eb tej Berisha.<\/p>\n<div style=\"width: 426px;\" class=\"wp-video\"><video class=\"wp-video-shortcode\" id=\"video-266644-1\" width=\"426\" height=\"240\" preload=\"metadata\" controls=\"controls\"><source type=\"video\/mp4\" src=\"https:\/\/zjarr.tv\/wp-content\/uploads\/2022\/06\/289476048_176123818145162_3168095108902872901_n.mp4?_=1\" \/><a href=\"https:\/\/zjarr.tv\/wp-content\/uploads\/2022\/06\/289476048_176123818145162_3168095108902872901_n.mp4\">https:\/\/zjarr.tv\/wp-content\/uploads\/2022\/06\/289476048_176123818145162_3168095108902872901_n.mp4<\/a><\/video><\/div>","protected":false},"excerpt":{"rendered":"<p>Kryetari demokrat, Sali Berisha, publikoi nj\u00eb tjet\u00ebr skandal t\u00eb kryebashkiakut t\u00eb Tiran\u00ebs, Erion Veliaj. B\u00ebhet fjal\u00eb p\u00ebr Pallatin e Sportit \u2018Farie Hoti\u2019. \u201cRind\u00ebrto, prish dhe rind\u00ebrto p\u00ebr t\u00eb vjedhur! Moto e Lali Vjedh\u00ebsit! Pallati i Sportit \u201cFarie Hoti\u201d rr\u00ebnohet s\u00ebrish pas rind\u00ebrtimit! Hajna si k\u00ebta nuk ka toka!\u201d shkruan Berisha. \u201cPara 5 muajve, Erion Betoni [&hellip;]<\/p>\n","protected":false},"author":2030,"featured_media":266647,"comment_status":"closed","ping_status":"closed","sticky":false,"template":"","format":"standard","meta":{"footnotes":""},"categories":[241,5380,231,1454],"tags":[],"class_list":{"0":"post-266644","1":"post","2":"type-post","3":"status-publish","4":"format-standard","5":"has-post-thumbnail","7":"category-aktualitet","8":"category-kryesore","9":"category-lajme","10":"category-politike"},"_links":{"self":[{"href":"https:\/\/zjarr.tv\/en\/wp-json\/wp\/v2\/posts\/266644","targetHints":{"allow":["GET"]}}],"collection":[{"href":"https:\/\/zjarr.tv\/en\/wp-json\/wp\/v2\/posts"}],"about":[{"href":"https:\/\/zjarr.tv\/en\/wp-json\/wp\/v2\/types\/post"}],"author":[{"embeddable":true,"href":"https:\/\/zjarr.tv\/en\/wp-json\/wp\/v2\/users\/2030"}],"replies":[{"embeddable":true,"href":"https:\/\/zjarr.tv\/en\/wp-json\/wp\/v2\/comments?post=266644"}],"version-history":[{"count":0,"href":"https:\/\/zjarr.tv\/en\/wp-json\/wp\/v2\/posts\/266644\/revisions"}],"wp:featuredmedia":[{"embeddable":true,"href":"https:\/\/zjarr.tv\/en\/wp-json\/wp\/v2\/media\/266647"}],"wp:attachment":[{"href":"https:\/\/zjarr.tv\/en\/wp-json\/wp\/v2\/media?parent=266644"}],"wp:term":[{"taxonomy":"category","embeddable":true,"href":"https:\/\/zjarr.tv\/en\/wp-json\/wp\/v2\/categories?post=266644"},{"taxonomy":"post_tag","embeddable":true,"href":"https:\/\/zjarr.tv\/en\/wp-json\/wp\/v2\/tags?post=266644"}],"curies":[{"name":"wp","href":"https:\/\/api.w.org\/{rel}","templated":true}]}}