{"id":266650,"date":"2022-06-27T11:50:27","date_gmt":"2022-06-27T09:50:27","guid":{"rendered":"https:\/\/zjarr.tv\/?p=266650"},"modified":"2022-06-27T11:50:27","modified_gmt":"2022-06-27T09:50:27","slug":"qeveria-do-tiu-kompesoje-rritjen-e-cmimeve-ndertuesve-duma-ngre-pyetjen-po-kur-cmimet-ulen-shkoni-ua-merrni-parate-lista-e-perfituesve-sekret","status":"publish","type":"post","link":"https:\/\/zjarr.tv\/en\/qeveria-do-tiu-kompesoje-rritjen-e-cmimeve-ndertuesve-duma-ngre-pyetjen-po-kur-cmimet-ulen-shkoni-ua-merrni-parate-lista-e-perfituesve-sekret\/","title":{"rendered":"Qeveria do t\u2019iu kompesoj\u00eb rritjen e \u00e7mimeve nd\u00ebrtuesve, Duma ngre pyetjen: Po kur \u00e7mimet ulen, shkoni ua merrni parat\u00eb? (Lista e p\u00ebrfituesve \u2018sekret\u2019)"},"content":{"rendered":"<p>Ka pasur debate n\u00eb Komisionin p\u00ebr Pun\u00ebn, \u00c7\u00ebshtjet Sociale dhe Sh\u00ebndet\u00ebsin\u00eb, ku \u00ebsht\u00eb diskutuar n\u00eb lidhje me aktin normativ t\u00eb qeveris\u00eb, p\u00ebr t\u00eb kompesuar rritjen e \u00e7mimeve ndaj kompanive q\u00eb merren me nd\u00ebrtimin.<\/p>\n<p>N\u00eb aktin normativ t\u00eb qeveris\u00eb thuhet se shum\u00eb projekte publike, jan\u00eb pezulluar, p\u00ebr shkak se kostoja e zbatimit t\u00eb kontrat\u00ebs, i tejkalon pritshm\u00ebrit\u00eb e marr\u00ebveshjes. Ky akt normativ u kund\u00ebrshtua nga deputetja demokrate Grida Duma, e cila tha se marzhi i fitimit \u00ebsht\u00eb \u00e7\u00ebshtje e kompanive, pasi n\u00eb rastet kur \u00e7mimet ulen, ata nuk kthejn\u00eb para pas.<\/p>\n<p>Shum\u00eb m\u00eb lir\u00eb se n\u00eb Shqip\u00ebri, qeveria e Kosov\u00ebs cakton \u00e7mimin maksimal t\u00eb karburanteve, ja sa do shiten nafra dhe benzina<\/p>\n<p>\u201cAmnistia fiskale krijon mund\u00ebsi p\u00ebr konkurrenc\u00eb t\u00eb pandershme\u201d, Enio Ja\u00e7o: N\u00ebse ligji aprovohet nga nd\u00ebrkomb\u00ebtar\u00ebt ne e mb\u00ebshtesim<\/p>\n<p>\u201cKam disa pyetje q\u00eb vijn\u00eb n\u00eb parim, dhe m\u00eb pas zbresin te z\u00ebrat. Keni zgjedhur q\u00eb t\u00eb p\u00ebrdorni parat\u00eb e buxhetit, p\u00ebr t\u00eb kompesuar kompanit\u00eb e m\u00ebdha, q\u00eb po merren me procesin e rind\u00ebrtimit. Duam t\u00eb dijm\u00eb list\u00ebn e kompanive q\u00eb p\u00ebrfitojn\u00eb, dhe ku bazohet q\u00eb me VKM, k\u00ebtyre kompanive tiu kompesohet nj\u00eb pjes\u00eb e kostove.<\/p>\n<p>S\u00eb dyti ju thoni q\u00eb jan\u00eb rritur \u00e7mimet, materialet baz\u00eb, q\u00eb kan\u00eb vonuar punimet, ju keni nj\u00eb rast Kardhiq Delvin\u00eb, q\u00eb ka nisur me 50 milion\u00eb euro, dhe ka shkuar 105. Jan\u00eb kompani q\u00eb marrin 99.9% t\u00eb fondit limit, dhe jan\u00eb s\u00ebrish kompani q\u00eb k\u00ebrkojn\u00eb kompesim nga shteti. Ne zgjedhim q\u00eb t\u00eb mos i rishp\u00ebrndajm\u00eb parat\u00eb te shqiptar\u00ebt, por te k\u00ebto kompani, si Gjoka apo Salillari e t\u00eb tjer\u00eb si k\u00ebta.<\/p>\n<p>Pyetja e drejtp\u00ebrdrejt\u00eb q\u00eb kam, \u00ebsht\u00eb se kur jan\u00eb ulur \u00e7mimet, a ka shkuar shteti dhe i ka th\u00ebn\u00eb q\u00eb m\u00eb sill mbrapsht, parat\u00eb, p\u00ebr shkak se ke firmosur nj\u00eb kontrat\u00eb, ku \u00ebsht\u00eb dhe marzhi i rriskut. Shteti nuk shkon q\u00eb ti thoj\u00eb m\u00eb jep paray\u00eb mbrapsht, kur \u00e7mimet ulen, k\u00ebta peshqit e m\u00ebdhenj duhet t\u00eb \u00e7ohen p\u00ebrpara drejt\u00ebsis\u00eb n\u00eb rast se i vonojn\u00eb punimet.<\/p>\n<p>Si ka mund\u00ebsi q\u00eb b\u00ebhet nj\u00eb l\u00ebvizje, me prapaveprim, q\u00eb do t\u00eb prek\u00eb edhe m\u00eb par\u00eb, dhe do avantazhoj\u00eb disa. Shteti ka marr\u00eb ndonj\u00ebher\u00eb m\u00eb shum\u00eb fitim ng\u00eb k\u00ebta, ka shkuar q\u00eb ti thoj\u00eb meq\u00eb u ul\u00ebn \u00e7mimet do t\u00eb marrim m\u00eb shum\u00eb para nga ju?\u201d, ishte pyetja e Dum\u00ebs. Z\u00ebvend\u00ebsministri i Infrastruktur\u00ebs Ilir Bejtja tha se kompesimi i kompanive do t\u00eb b\u00ebhet p\u00ebr z\u00ebrat e produkteve, n\u00eb var\u00ebsi t\u00eb kontratave dhe faturave t\u00eb blerjes s\u00eb tyre.<\/p>\n<p>\u201cT\u00eb gjitha efektet e k\u00ebtij akti normativ nisin nga 18 Maji, dhe n\u00eb vazhdim. Nuk kemi list\u00eb t\u00eb kompanive p\u00ebrfituese, por vet\u00ebm t\u00eb mallrave q\u00eb blihen, p\u00ebr t\u00eb gjitha kontratat publike, q\u00eb nd\u00ebrmerren nga institucionet. N\u00eb rastin e \u00e7mimit t\u00eb hekurit, kompanit\u00eb do t\u00eb marrin kompesim deri n\u00eb 30% t\u00eb vler\u00ebs q\u00eb \u00ebsht\u00eb parashikuar n\u00eb kontrat\u00eb, edhe pse hekuri \u00ebsht\u00eb rritur me disa her\u00eb\u00eb\u2019, tha z\u00ebvend\u00ebsministri i Infrastruktur\u00ebs Ilir Bejtja.<\/p>","protected":false},"excerpt":{"rendered":"<p>Ka pasur debate n\u00eb Komisionin p\u00ebr Pun\u00ebn, \u00c7\u00ebshtjet Sociale dhe Sh\u00ebndet\u00ebsin\u00eb, ku \u00ebsht\u00eb diskutuar n\u00eb lidhje me aktin normativ t\u00eb qeveris\u00eb, p\u00ebr t\u00eb kompesuar rritjen e \u00e7mimeve ndaj kompanive q\u00eb merren me nd\u00ebrtimin. N\u00eb aktin normativ t\u00eb qeveris\u00eb thuhet se shum\u00eb projekte publike, jan\u00eb pezulluar, p\u00ebr shkak se kostoja e zbatimit t\u00eb kontrat\u00ebs, i tejkalon [&hellip;]<\/p>\n","protected":false},"author":2020,"featured_media":266651,"comment_status":"closed","ping_status":"closed","sticky":false,"template":"","format":"standard","meta":{"footnotes":""},"categories":[241,5380,231],"tags":[],"class_list":{"0":"post-266650","1":"post","2":"type-post","3":"status-publish","4":"format-standard","5":"has-post-thumbnail","7":"category-aktualitet","8":"category-kryesore","9":"category-lajme"},"_links":{"self":[{"href":"https:\/\/zjarr.tv\/en\/wp-json\/wp\/v2\/posts\/266650","targetHints":{"allow":["GET"]}}],"collection":[{"href":"https:\/\/zjarr.tv\/en\/wp-json\/wp\/v2\/posts"}],"about":[{"href":"https:\/\/zjarr.tv\/en\/wp-json\/wp\/v2\/types\/post"}],"author":[{"embeddable":true,"href":"https:\/\/zjarr.tv\/en\/wp-json\/wp\/v2\/users\/2020"}],"replies":[{"embeddable":true,"href":"https:\/\/zjarr.tv\/en\/wp-json\/wp\/v2\/comments?post=266650"}],"version-history":[{"count":0,"href":"https:\/\/zjarr.tv\/en\/wp-json\/wp\/v2\/posts\/266650\/revisions"}],"wp:featuredmedia":[{"embeddable":true,"href":"https:\/\/zjarr.tv\/en\/wp-json\/wp\/v2\/media\/266651"}],"wp:attachment":[{"href":"https:\/\/zjarr.tv\/en\/wp-json\/wp\/v2\/media?parent=266650"}],"wp:term":[{"taxonomy":"category","embeddable":true,"href":"https:\/\/zjarr.tv\/en\/wp-json\/wp\/v2\/categories?post=266650"},{"taxonomy":"post_tag","embeddable":true,"href":"https:\/\/zjarr.tv\/en\/wp-json\/wp\/v2\/tags?post=266650"}],"curies":[{"name":"wp","href":"https:\/\/api.w.org\/{rel}","templated":true}]}}