{"id":266653,"date":"2022-06-27T11:54:05","date_gmt":"2022-06-27T09:54:05","guid":{"rendered":"https:\/\/zjarr.tv\/?p=266653"},"modified":"2022-06-27T11:54:05","modified_gmt":"2022-06-27T09:54:05","slug":"berisha-per-7-korrikun-fronti-per-shpetimin-e-shqiperise-ju-fton-te-gjitheve-ne-protesten-kombetare","status":"publish","type":"post","link":"https:\/\/zjarr.tv\/en\/berisha-per-7-korrikun-fronti-per-shpetimin-e-shqiperise-ju-fton-te-gjitheve-ne-protesten-kombetare\/","title":{"rendered":"Berisha p\u00ebr 7 korrikun: Fronti p\u00ebr Shp\u00ebtimin e Shqip\u00ebris\u00eb ju fton t\u00eb gjith\u00ebve n\u00eb protest\u00ebn komb\u00ebtare"},"content":{"rendered":"<p>Kreu i PD Sali Berisha u ka b\u00ebr\u00eb s\u00ebrith thirrje shqiptar\u00ebve q\u00eb t\u2019i bashkohen protest\u00ebs s\u00eb 7 korrikut. P\u00ebrmes nj\u00eb postimi n\u00eb \u2018Facebook\u2019 Berisha thekson se 7 korriku \u00ebsht\u00eb fronti p\u00ebr Shp\u00ebtimin e Shqip\u00ebris\u00eb.<\/p>\n<p>Postimi i Berish\u00ebs:<\/p>\n<p>Me 7 Korrik ne ora 7 te darkes Fronti per Shpetimin e Shqiperise ju fton te gjithve ne protesten kombetare ne Tirane para Kryeministrise! sb<\/p>\n<p><img loading=\"lazy\" decoding=\"async\" class=\"alignnone size-medium wp-image-266654\" src=\"https:\/\/zjarr.tv\/wp-content\/uploads\/2022\/06\/Screenshot_13-12-351x400-1-263x300.png\" alt=\"\" width=\"263\" height=\"300\" srcset=\"https:\/\/zjarr.tv\/wp-content\/uploads\/2022\/06\/Screenshot_13-12-351x400-1-263x300.png 263w, https:\/\/zjarr.tv\/wp-content\/uploads\/2022\/06\/Screenshot_13-12-351x400-1.png 351w\" sizes=\"auto, (max-width: 263px) 100vw, 263px\" \/><\/p>","protected":false},"excerpt":{"rendered":"<p>Kreu i PD Sali Berisha u ka b\u00ebr\u00eb s\u00ebrith thirrje shqiptar\u00ebve q\u00eb t\u2019i bashkohen protest\u00ebs s\u00eb 7 korrikut. P\u00ebrmes nj\u00eb postimi n\u00eb \u2018Facebook\u2019 Berisha thekson se 7 korriku \u00ebsht\u00eb fronti p\u00ebr Shp\u00ebtimin e Shqip\u00ebris\u00eb. Postimi i Berish\u00ebs: Me 7 Korrik ne ora 7 te darkes Fronti per Shpetimin e Shqiperise ju fton te gjithve ne [&hellip;]<\/p>\n","protected":false},"author":2020,"featured_media":266655,"comment_status":"closed","ping_status":"closed","sticky":false,"template":"","format":"standard","meta":{"footnotes":""},"categories":[241,5380,231],"tags":[],"class_list":{"0":"post-266653","1":"post","2":"type-post","3":"status-publish","4":"format-standard","5":"has-post-thumbnail","7":"category-aktualitet","8":"category-kryesore","9":"category-lajme"},"_links":{"self":[{"href":"https:\/\/zjarr.tv\/en\/wp-json\/wp\/v2\/posts\/266653","targetHints":{"allow":["GET"]}}],"collection":[{"href":"https:\/\/zjarr.tv\/en\/wp-json\/wp\/v2\/posts"}],"about":[{"href":"https:\/\/zjarr.tv\/en\/wp-json\/wp\/v2\/types\/post"}],"author":[{"embeddable":true,"href":"https:\/\/zjarr.tv\/en\/wp-json\/wp\/v2\/users\/2020"}],"replies":[{"embeddable":true,"href":"https:\/\/zjarr.tv\/en\/wp-json\/wp\/v2\/comments?post=266653"}],"version-history":[{"count":0,"href":"https:\/\/zjarr.tv\/en\/wp-json\/wp\/v2\/posts\/266653\/revisions"}],"wp:featuredmedia":[{"embeddable":true,"href":"https:\/\/zjarr.tv\/en\/wp-json\/wp\/v2\/media\/266655"}],"wp:attachment":[{"href":"https:\/\/zjarr.tv\/en\/wp-json\/wp\/v2\/media?parent=266653"}],"wp:term":[{"taxonomy":"category","embeddable":true,"href":"https:\/\/zjarr.tv\/en\/wp-json\/wp\/v2\/categories?post=266653"},{"taxonomy":"post_tag","embeddable":true,"href":"https:\/\/zjarr.tv\/en\/wp-json\/wp\/v2\/tags?post=266653"}],"curies":[{"name":"wp","href":"https:\/\/api.w.org\/{rel}","templated":true}]}}