{"id":266675,"date":"2022-06-27T12:36:03","date_gmt":"2022-06-27T10:36:03","guid":{"rendered":"https:\/\/zjarr.tv\/?p=266675"},"modified":"2022-06-27T12:36:03","modified_gmt":"2022-06-27T10:36:03","slug":"djegia-e-sazanit-peleshi-ishte-nje-zjarr-pothuajse-serioz-nuk-u-be-nami","status":"publish","type":"post","link":"https:\/\/zjarr.tv\/en\/djegia-e-sazanit-peleshi-ishte-nje-zjarr-pothuajse-serioz-nuk-u-be-nami\/","title":{"rendered":"Djegia e Sazanit\/ Peleshi: Ishte nj\u00eb zjarr pothuajse serioz! Nuk u b\u00eb nami\u2026"},"content":{"rendered":"<p>Ministri i Mbrojtjes, Niko Peleshi befasoi s\u00ebrish me deklaratat e tij, kur e cil\u00ebsoi nj\u00eb zjarr pothuajse serioz flak\u00ebt q\u00eb pushtuan p\u00ebr kat\u00ebr dit\u00eb me radh\u00eb ishullin e Sazanit. Gjat\u00eb debatit n\u00eb Komisionin e Siguris\u00eb Komb\u00ebtare, Peleshi u shpreh se \u00e7\u00ebshtja e zjarrit n\u00eb Sazan \u00ebsht\u00eb b\u00ebr\u00eb sikur t\u00eb ishte b\u00ebr\u00eb nami.<\/p>\n<p>\u201cNe kemi pasur nj\u00eb zjarr pothuajse serioz n\u00eb Sazan. Zoti Xhaferraj e b\u00ebn sikur \u00ebsht\u00eb b\u00ebr\u00eb nami. Por kemi nj\u00eb ver\u00eb t\u00eb nxeht\u00eb p\u00ebrpara. Un\u00eb nuk kam nj\u00eb eksperienc\u00eb t\u00eb jasht\u00ebzakonshme. Kam pasur nderin dhe p\u00ebrgjegj\u00ebsin\u00eb t\u00eb sh\u00ebrbej n\u00eb institucione q\u00eb lidhen me emergjencat civile.<\/p>\n<p>\u00c7\u00ebshtja e p\u00ebrballjes s\u00eb zjarreve nuk zgjidhet me kapacitete ajrore, vet\u00ebm. Nuk dua t\u2019i ik p\u00ebrgjegj\u00ebsis\u00eb. Duhet ta sfidojm mentalitetin se zjarri shuhet me helikopter. \u00cbsht\u00eb e pamundur t\u2019i b\u00ebjm\u00eb ball\u00eb zjarreve n\u00eb t\u00eb gjith\u00eb vendin. N\u00ebse e shikoni hart\u00ebn e zjarreve, edhe 10 avion\u00eb t\u00eb kishim, \u00ebsht\u00eb e pamundur\u201d, tha Peleshi. Ai drejtoi gishtin nga bashkit\u00eb duke th\u00ebn\u00eb se jan\u00eb ato q\u00eb kan\u00eb n\u00ebn var\u00ebsi zjarrfik\u00ebset dhe ato duhet t\u00eb b\u00ebjn\u00eb reagimin e par\u00eb p\u00ebr t\u00eb parandaluar p\u00ebrhapjen e flak\u00ebve.<\/p>\n<p>\u201cProblemi fillon q\u00eb nga reagimi i pushtetit vendor. Q\u00eb nga komuniteti dhe kryeplaku i fshatit. Ne jemi hallka e fundit. Ne kemi p\u00ebrgjegj\u00ebsin\u00eb p\u00ebr t\u00eb koordinuar emergjencat. Ne nuk kemi zjarrfik\u00ebset. Zjarrfik\u00ebset i kan\u00eb bashkit\u00eb. Q\u00eb n\u00eb momentin kur ka nj\u00eb vat\u00ebr t\u00eb vog\u00ebl, duhet t\u00eb reagojn\u00eb zjarrfik\u00ebset\u201d, u shpreh ai.<\/p>","protected":false},"excerpt":{"rendered":"<p>Ministri i Mbrojtjes, Niko Peleshi befasoi s\u00ebrish me deklaratat e tij, kur e cil\u00ebsoi nj\u00eb zjarr pothuajse serioz flak\u00ebt q\u00eb pushtuan p\u00ebr kat\u00ebr dit\u00eb me radh\u00eb ishullin e Sazanit. Gjat\u00eb debatit n\u00eb Komisionin e Siguris\u00eb Komb\u00ebtare, Peleshi u shpreh se \u00e7\u00ebshtja e zjarrit n\u00eb Sazan \u00ebsht\u00eb b\u00ebr\u00eb sikur t\u00eb ishte b\u00ebr\u00eb nami. \u201cNe kemi pasur [&hellip;]<\/p>\n","protected":false},"author":2020,"featured_media":159205,"comment_status":"closed","ping_status":"closed","sticky":false,"template":"","format":"standard","meta":{"footnotes":""},"categories":[241,5380,231],"tags":[],"class_list":{"0":"post-266675","1":"post","2":"type-post","3":"status-publish","4":"format-standard","5":"has-post-thumbnail","7":"category-aktualitet","8":"category-kryesore","9":"category-lajme"},"_links":{"self":[{"href":"https:\/\/zjarr.tv\/en\/wp-json\/wp\/v2\/posts\/266675","targetHints":{"allow":["GET"]}}],"collection":[{"href":"https:\/\/zjarr.tv\/en\/wp-json\/wp\/v2\/posts"}],"about":[{"href":"https:\/\/zjarr.tv\/en\/wp-json\/wp\/v2\/types\/post"}],"author":[{"embeddable":true,"href":"https:\/\/zjarr.tv\/en\/wp-json\/wp\/v2\/users\/2020"}],"replies":[{"embeddable":true,"href":"https:\/\/zjarr.tv\/en\/wp-json\/wp\/v2\/comments?post=266675"}],"version-history":[{"count":0,"href":"https:\/\/zjarr.tv\/en\/wp-json\/wp\/v2\/posts\/266675\/revisions"}],"wp:featuredmedia":[{"embeddable":true,"href":"https:\/\/zjarr.tv\/en\/wp-json\/wp\/v2\/media\/159205"}],"wp:attachment":[{"href":"https:\/\/zjarr.tv\/en\/wp-json\/wp\/v2\/media?parent=266675"}],"wp:term":[{"taxonomy":"category","embeddable":true,"href":"https:\/\/zjarr.tv\/en\/wp-json\/wp\/v2\/categories?post=266675"},{"taxonomy":"post_tag","embeddable":true,"href":"https:\/\/zjarr.tv\/en\/wp-json\/wp\/v2\/tags?post=266675"}],"curies":[{"name":"wp","href":"https:\/\/api.w.org\/{rel}","templated":true}]}}