{"id":266677,"date":"2022-06-27T12:53:32","date_gmt":"2022-06-27T10:53:32","guid":{"rendered":"https:\/\/zjarr.tv\/?p=266677"},"modified":"2022-06-27T12:53:32","modified_gmt":"2022-06-27T10:53:32","slug":"i-kane-mbetur-vetem-dy-vite-jete-inteligjenca-ukrainase-zbulon-semundjet-qe-rrezikojne-jeten-e-putinit","status":"publish","type":"post","link":"https:\/\/zjarr.tv\/en\/i-kane-mbetur-vetem-dy-vite-jete-inteligjenca-ukrainase-zbulon-semundjet-qe-rrezikojne-jeten-e-putinit\/","title":{"rendered":"\u201cI kan\u00eb mbetur vet\u00ebm dy vite jet\u00eb\u201d, inteligjenca ukrainase zbulon s\u00ebmundjet q\u00eb rrezikojn\u00eb jet\u00ebn e Putinit"},"content":{"rendered":"<p>\u201cVladimir Putin ka m\u00eb pak se dy vite jet\u00eb pasi ai vuan nga disa s\u00ebmundje t\u00eb r\u00ebnda\u201d. Kjo \u00ebsht\u00eb deklarata shokuese q\u00eb ka b\u00ebr\u00eb s\u00eb fundmi kreu i sh\u00ebrbimit t\u00eb inteligjenc\u00ebs ukrainase, sipas Daily Mail.<\/p>\n<p>Gjenerali Kyrylo Budanov tha se spiun\u00ebt e Kievit q\u00eb hyn\u00eb n\u00eb Kremlin i b\u00ebn\u00eb pretendimet bazuar n\u00eb inteligjenc\u00ebn njer\u00ebzore. Budanov shtoi: \u201cPutini nuk ka nj\u00eb jet\u00eb t\u00eb gjat\u00eb\u201d.<\/p>\n<p>Sh\u00ebndeti i Putinit ka qen\u00eb subjekt i thashethemeve t\u00eb ashpra prej muajsh, duke u p\u00ebrshkall\u00ebzuar pasi ai u fotografua duke u mbajtur te tavolina gjat\u00eb nj\u00eb takimi me ministrin e mbrojtjes Sergei Shoigu. Q\u00ebndrimi i dob\u00ebt i Putinit dhe fytyra e qafa n\u00eb dukje t\u00eb fryra ndez\u00ebn spekulime p\u00ebr sh\u00ebndetin e liderit, i cili thuhet se \u00ebsht\u00eb p\u00ebrkeq\u00ebsuar q\u00eb nga pushtimi i Ukrain\u00ebs.<\/p>\n<p>Udh\u00ebheq\u00ebsi i Kremlinit u pretendua n\u00eb prill se kishte nevoj\u00eb p\u00ebr nj\u00eb operacion urgjent prej kancerit. Putin gjithashtu thuhet se vuan nga Parkinson dhe \u2018simptomat skizofrenike\u2019, sipas burimeve t\u00eb Kremlinit.<\/p>\n<p>Nd\u00ebrkoh\u00eb, kolegu i King\u2019s College n\u00eb Lond\u00ebr, Michael Clarke, i tha Sky Ne\u00ebs k\u00ebt\u00eb muaj: \u201cM\u00eb 7 tetor ai do t\u00eb jet\u00eb 70 vje\u00e7. Ai dihet se p\u00ebrdor shum\u00eb Botox-in. Ai l\u00ebviz me mjek\u00eb, dihet se ka nj\u00eb ekip t\u00eb vog\u00ebl mjek\u00ebsh q\u00eb nuk jan\u00eb kurr\u00eb larg, dhe thuhet se ai i cakton takimet n\u00eb intervale t\u00eb shpeshta p\u00ebr t\u00eb shkuar dhe konsultuar me dik\u00eb.<\/p>\n<p>Un\u00eb dyshoj se ai \u00ebsht\u00eb vet\u00ebm nj\u00eb hipokondriak, p\u00ebr t\u00eb qen\u00eb i sinqert\u00eb\u201d. Nj\u00eb oficer i FSB-s\u00eb e p\u00ebrshkroi gjithashtu gjendjen e presidentit rus si nj\u00eb form\u00eb t\u00eb r\u00ebnd\u00eb t\u00eb kancerit q\u00eb p\u00ebrparon me shpejt\u00ebsi, pasi spekulimet u shtuan se Putini vuante nga nj\u00eb form\u00eb e s\u00ebmundjes s\u00eb r\u00ebnd\u00eb n\u00eb mes t\u00eb pushtimit t\u00eb Ukrain\u00ebs.<\/p>","protected":false},"excerpt":{"rendered":"<p>\u201cVladimir Putin ka m\u00eb pak se dy vite jet\u00eb pasi ai vuan nga disa s\u00ebmundje t\u00eb r\u00ebnda\u201d. Kjo \u00ebsht\u00eb deklarata shokuese q\u00eb ka b\u00ebr\u00eb s\u00eb fundmi kreu i sh\u00ebrbimit t\u00eb inteligjenc\u00ebs ukrainase, sipas Daily Mail. Gjenerali Kyrylo Budanov tha se spiun\u00ebt e Kievit q\u00eb hyn\u00eb n\u00eb Kremlin i b\u00ebn\u00eb pretendimet bazuar n\u00eb inteligjenc\u00ebn njer\u00ebzore. Budanov [&hellip;]<\/p>\n","protected":false},"author":2020,"featured_media":266678,"comment_status":"closed","ping_status":"closed","sticky":false,"template":"","format":"standard","meta":{"footnotes":""},"categories":[241,191,5380,231],"tags":[],"class_list":{"0":"post-266677","1":"post","2":"type-post","3":"status-publish","4":"format-standard","5":"has-post-thumbnail","7":"category-aktualitet","8":"category-bota","9":"category-kryesore","10":"category-lajme"},"_links":{"self":[{"href":"https:\/\/zjarr.tv\/en\/wp-json\/wp\/v2\/posts\/266677","targetHints":{"allow":["GET"]}}],"collection":[{"href":"https:\/\/zjarr.tv\/en\/wp-json\/wp\/v2\/posts"}],"about":[{"href":"https:\/\/zjarr.tv\/en\/wp-json\/wp\/v2\/types\/post"}],"author":[{"embeddable":true,"href":"https:\/\/zjarr.tv\/en\/wp-json\/wp\/v2\/users\/2020"}],"replies":[{"embeddable":true,"href":"https:\/\/zjarr.tv\/en\/wp-json\/wp\/v2\/comments?post=266677"}],"version-history":[{"count":0,"href":"https:\/\/zjarr.tv\/en\/wp-json\/wp\/v2\/posts\/266677\/revisions"}],"wp:featuredmedia":[{"embeddable":true,"href":"https:\/\/zjarr.tv\/en\/wp-json\/wp\/v2\/media\/266678"}],"wp:attachment":[{"href":"https:\/\/zjarr.tv\/en\/wp-json\/wp\/v2\/media?parent=266677"}],"wp:term":[{"taxonomy":"category","embeddable":true,"href":"https:\/\/zjarr.tv\/en\/wp-json\/wp\/v2\/categories?post=266677"},{"taxonomy":"post_tag","embeddable":true,"href":"https:\/\/zjarr.tv\/en\/wp-json\/wp\/v2\/tags?post=266677"}],"curies":[{"name":"wp","href":"https:\/\/api.w.org\/{rel}","templated":true}]}}