{"id":266685,"date":"2022-06-27T13:21:43","date_gmt":"2022-06-27T11:21:43","guid":{"rendered":"https:\/\/zjarr.tv\/?p=266685"},"modified":"2022-06-27T13:21:43","modified_gmt":"2022-06-27T11:21:43","slug":"debate-ne-komisionin-e-sigurise-salianji-skerkojme-te-bejme-publike-sekretet-shteterore-cfare-shqetesimi-keni-qe-fshiheni","status":"publish","type":"post","link":"https:\/\/zjarr.tv\/en\/debate-ne-komisionin-e-sigurise-salianji-skerkojme-te-bejme-publike-sekretet-shteterore-cfare-shqetesimi-keni-qe-fshiheni\/","title":{"rendered":"Debate n\u00eb Komisionin e Siguris\u00eb, Salianji: S\u2019k\u00ebrkojm\u00eb t\u00eb b\u00ebjm\u00eb publike sekretet shtet\u00ebrore! \u00c7far\u00eb shqet\u00ebsimi keni q\u00eb fshiheni!?"},"content":{"rendered":"<p>N\u00eb Komisionin e Siguris\u00eb deputeti i PD Ervin Salianji, u shpreh se nuk ka kuptim q\u00eb seanca t\u00eb mos zhvillohet e hapur, duke shtuar se publiku duhet t\u00eb jet\u00eb i informuar.<\/p>\n<p>Nga ana e tij Nasip Na\u00e7o u shpreh se nuk ka asnj\u00eb rrezik p\u00ebr tu fshehur si\u00e7 u deklaruar nga Salianji, nd\u00ebrsa shtoi se \u00ebsht\u00eb dakord q\u00eb mbledhja t\u00eb zhvillohet e hapur<\/p>\n<p>\u201cNuk k\u00ebrkojm\u00eb t\u00eb b\u00ebjm\u00eb publik sekretet shtet\u00ebrore apo mang\u00ebsit\u00eb q\u00eb kan\u00eb Forcat e Armatosura, por pyetjet nuk jan\u00eb sekrete.Jemi n\u00eb seanc\u00ebn e pyetjeve . Ato q\u00eb kan\u00eb sekret t\u00eb b\u00ebjm\u00eb nj\u00eb seanc\u00eb t\u00eb dyt\u00eb. Nuk ka arsye p\u00ebrse publiku t\u00eb mos jet\u00eb i informuar. Ne i kemi diskutuar n\u00eb mbledhje t\u00eb hapur mang\u00ebsit\u00eb dhe defektet. Sot nuk e di \u00e7far\u00eb shqet\u00ebsimi ka ve\u00e7se t\u00eb fshihen nga publiku disa element\u00eb q\u00eb duke qart\u00eb\u201d, tha Salianji.<\/p>\n<p>Nasip Na\u00e7o: Nuk ka asnj\u00eb rrezik p\u00ebr fshehje, ka vet\u00ebm problem me procedur\u00ebn\u2026Un\u00eb jam dakord q\u00eb mbledhja t\u00eb b\u00ebhet e hapur.<\/p>","protected":false},"excerpt":{"rendered":"<p>N\u00eb Komisionin e Siguris\u00eb deputeti i PD Ervin Salianji, u shpreh se nuk ka kuptim q\u00eb seanca t\u00eb mos zhvillohet e hapur, duke shtuar se publiku duhet t\u00eb jet\u00eb i informuar. Nga ana e tij Nasip Na\u00e7o u shpreh se nuk ka asnj\u00eb rrezik p\u00ebr tu fshehur si\u00e7 u deklaruar nga Salianji, nd\u00ebrsa shtoi se [&hellip;]<\/p>\n","protected":false},"author":2020,"featured_media":266686,"comment_status":"closed","ping_status":"closed","sticky":false,"template":"","format":"standard","meta":{"footnotes":""},"categories":[241,5380,231],"tags":[],"class_list":{"0":"post-266685","1":"post","2":"type-post","3":"status-publish","4":"format-standard","5":"has-post-thumbnail","7":"category-aktualitet","8":"category-kryesore","9":"category-lajme"},"_links":{"self":[{"href":"https:\/\/zjarr.tv\/en\/wp-json\/wp\/v2\/posts\/266685","targetHints":{"allow":["GET"]}}],"collection":[{"href":"https:\/\/zjarr.tv\/en\/wp-json\/wp\/v2\/posts"}],"about":[{"href":"https:\/\/zjarr.tv\/en\/wp-json\/wp\/v2\/types\/post"}],"author":[{"embeddable":true,"href":"https:\/\/zjarr.tv\/en\/wp-json\/wp\/v2\/users\/2020"}],"replies":[{"embeddable":true,"href":"https:\/\/zjarr.tv\/en\/wp-json\/wp\/v2\/comments?post=266685"}],"version-history":[{"count":0,"href":"https:\/\/zjarr.tv\/en\/wp-json\/wp\/v2\/posts\/266685\/revisions"}],"wp:featuredmedia":[{"embeddable":true,"href":"https:\/\/zjarr.tv\/en\/wp-json\/wp\/v2\/media\/266686"}],"wp:attachment":[{"href":"https:\/\/zjarr.tv\/en\/wp-json\/wp\/v2\/media?parent=266685"}],"wp:term":[{"taxonomy":"category","embeddable":true,"href":"https:\/\/zjarr.tv\/en\/wp-json\/wp\/v2\/categories?post=266685"},{"taxonomy":"post_tag","embeddable":true,"href":"https:\/\/zjarr.tv\/en\/wp-json\/wp\/v2\/tags?post=266685"}],"curies":[{"name":"wp","href":"https:\/\/api.w.org\/{rel}","templated":true}]}}