{"id":266693,"date":"2022-06-27T13:37:00","date_gmt":"2022-06-27T11:37:00","guid":{"rendered":"https:\/\/zjarr.tv\/?p=266693"},"modified":"2022-06-27T13:37:00","modified_gmt":"2022-06-27T11:37:00","slug":"kallezimi-i-edmond-spahos-per-komisioneret-e-25-prillit-shkon-ne-gjykaten-e-larte","status":"publish","type":"post","link":"https:\/\/zjarr.tv\/en\/kallezimi-i-edmond-spahos-per-komisioneret-e-25-prillit-shkon-ne-gjykaten-e-larte\/","title":{"rendered":"Kall\u00ebzimi i Edmond Spahos p\u00ebr komisioner\u00ebt e 25 prillit shkon n\u00eb Gjykat\u00ebn e Lart\u00eb"},"content":{"rendered":"<p>Padia e Edmond Spahos per komisioneret e zgjedhjeve te 25 prillit p\u00ebrfundon n\u00eb Gjykat\u00ebn e Lart\u00eb. Kujtojm\u00eb se deputeti i qarkut Kor\u00e7\u00eb, i kall\u00ebzoi ata p\u00ebr korrupsion zgjedhor. P\u00ebr k\u00ebt\u00eb shkak prokuroria e Kor\u00e7\u00ebs e delegoi \u00e7\u00ebshtjen pran\u00eb SPAK.<\/p>\n<p>Pas hetimeve, struktura antikorrupsion doli n\u00eb p\u00ebrfundim se nuk kemi t\u00eb b\u00ebjm\u00eb me korrupsion, e duke mos provuar ket\u00eb vep\u00ebr shpalli moskompet\u00ebnc\u00ebn per kall\u00ebzimin e deputetit demokrat, duke e rikthyer s\u00ebrish dosjen n\u00eb Kor\u00e7\u00eb.<\/p>\n<p>Tashm\u00eb do jet\u00eb Gjykata e Lart\u00eb, e cila do jap\u00eb verdiktin final lidhur me k\u00ebt\u00eb \u00e7\u00ebshtje.<\/p>\n<p>Gjykata e Kor\u00e7\u00ebs kerkon nga Gjykata e Larte q\u00eb t\u00eb jet\u00eb SPAK t\u00eb hetoj\u00eb k\u00ebt\u00eb \u00e7\u00ebshtje, pasi pretendimet e ngritura jan\u00eb p\u00ebr korrupsion.<\/p>","protected":false},"excerpt":{"rendered":"<p>Padia e Edmond Spahos per komisioneret e zgjedhjeve te 25 prillit p\u00ebrfundon n\u00eb Gjykat\u00ebn e Lart\u00eb. Kujtojm\u00eb se deputeti i qarkut Kor\u00e7\u00eb, i kall\u00ebzoi ata p\u00ebr korrupsion zgjedhor. P\u00ebr k\u00ebt\u00eb shkak prokuroria e Kor\u00e7\u00ebs e delegoi \u00e7\u00ebshtjen pran\u00eb SPAK. Pas hetimeve, struktura antikorrupsion doli n\u00eb p\u00ebrfundim se nuk kemi t\u00eb b\u00ebjm\u00eb me korrupsion, e duke [&hellip;]<\/p>\n","protected":false},"author":2020,"featured_media":266694,"comment_status":"closed","ping_status":"closed","sticky":false,"template":"","format":"standard","meta":{"footnotes":""},"categories":[241,5380,231],"tags":[],"class_list":{"0":"post-266693","1":"post","2":"type-post","3":"status-publish","4":"format-standard","5":"has-post-thumbnail","7":"category-aktualitet","8":"category-kryesore","9":"category-lajme"},"_links":{"self":[{"href":"https:\/\/zjarr.tv\/en\/wp-json\/wp\/v2\/posts\/266693","targetHints":{"allow":["GET"]}}],"collection":[{"href":"https:\/\/zjarr.tv\/en\/wp-json\/wp\/v2\/posts"}],"about":[{"href":"https:\/\/zjarr.tv\/en\/wp-json\/wp\/v2\/types\/post"}],"author":[{"embeddable":true,"href":"https:\/\/zjarr.tv\/en\/wp-json\/wp\/v2\/users\/2020"}],"replies":[{"embeddable":true,"href":"https:\/\/zjarr.tv\/en\/wp-json\/wp\/v2\/comments?post=266693"}],"version-history":[{"count":0,"href":"https:\/\/zjarr.tv\/en\/wp-json\/wp\/v2\/posts\/266693\/revisions"}],"wp:featuredmedia":[{"embeddable":true,"href":"https:\/\/zjarr.tv\/en\/wp-json\/wp\/v2\/media\/266694"}],"wp:attachment":[{"href":"https:\/\/zjarr.tv\/en\/wp-json\/wp\/v2\/media?parent=266693"}],"wp:term":[{"taxonomy":"category","embeddable":true,"href":"https:\/\/zjarr.tv\/en\/wp-json\/wp\/v2\/categories?post=266693"},{"taxonomy":"post_tag","embeddable":true,"href":"https:\/\/zjarr.tv\/en\/wp-json\/wp\/v2\/tags?post=266693"}],"curies":[{"name":"wp","href":"https:\/\/api.w.org\/{rel}","templated":true}]}}