{"id":266696,"date":"2022-06-27T13:42:33","date_gmt":"2022-06-27T11:42:33","guid":{"rendered":"https:\/\/zjarr.tv\/?p=266696"},"modified":"2022-06-27T13:42:33","modified_gmt":"2022-06-27T11:42:33","slug":"alarmi-per-gjendjen-e-rende-te-vendit-vjen-nga-maturantet-boci-ne-7-korrik-do-te-protestojme-per-te-gjitha-shtresat-ne-vend","status":"publish","type":"post","link":"https:\/\/zjarr.tv\/en\/alarmi-per-gjendjen-e-rende-te-vendit-vjen-nga-maturantet-boci-ne-7-korrik-do-te-protestojme-per-te-gjitha-shtresat-ne-vend\/","title":{"rendered":"\u201cAlarmi p\u00ebr gjendjen e r\u00ebnd\u00eb t\u00eb vendit vjen nga maturant\u00ebt\u201d, Bo\u00e7i: N\u00eb 7 Korrik do t\u00eb protestojm\u00eb p\u00ebr t\u00eb gjitha shtresat n\u00eb vend"},"content":{"rendered":"<p>N\u00ebn kryetari i Partis\u00eb Demokratike Lu\u00e7iano Bo\u00e7i ka reaguar pas shqet\u00ebsimeve t\u00eb maturant\u00ebve n\u00eb lidhje me tezat e provimeve t\u00eb matur\u00ebs. Me an\u00eb t\u00eb nj\u00eb postimi n\u00eb Facebook, Bo\u00e7i shkruan se alarmi p\u00ebr gjendjen e r\u00ebnd\u00eb t\u00eb vendit e kan\u00eb dh\u00ebn\u00eb maturant\u00ebt. Ai po ashtu ka shtuar se n\u00eb 7 korrik do t\u00eb protestojn\u00eb p\u00ebr t\u00eb gjitha shtresat n\u00eb vend, duke p\u00ebrmendur k\u00ebtu dhe maturant\u00ebt.<\/p>\n<p>Postimi i Plot\u00eb:<\/p>\n<p>\u201cALARMI Q\u00cb VJEN NGA MATURANT\u00cbT Protesta e maturant\u00ebve \u00ebsht\u00eb kambana m\u00eb e fort\u00eb p\u00ebr situat\u00ebn dramatike n\u00eb t\u00eb cil\u00ebn \u00ebsht\u00eb zhytur vendi. Padrejt\u00ebsia e ngritur n\u00eb sistem ka prekur dhe brezin ku \u00ebndrra \u00ebsht\u00eb gjithmon\u00eb m\u00eb e fort\u00eb se realiteti. Por tashm\u00eb gjith\u00e7ka \u00ebsht\u00eb thyer. Sot realiteti \u00ebsht\u00eb m\u00eb i fort\u00eb se \u00ebndrra dhe e tejkalon at\u00eb. Hidht\u00ebsia e tij ka mbytur \u00e7do \u00ebnd\u00ebrrim rinor, shpres\u00eb e perspektiv\u00eb dhe tek mosha m\u00eb optimiste dhe e sinqert\u00eb. Maturant\u00ebt kan\u00eb vite q\u00eb n\u00ebp\u00ebrk\u00ebmben. Kalvari i tyre n\u00eb monopatet e nj\u00eb arsimimi aspak cil\u00ebsor, diskriminues dhe i mang\u00ebt, p\u00ebrmbyllet me nj\u00eb gar\u00eb-test mature fiktiv, banal, i met\u00eb dhe penalizues.<\/p>\n<p>N\u00eb nj\u00eb sistem politik natyrsh\u00ebm biznesi proteston ndaj qeveris\u00eb p\u00ebr masat arbitrare ndaj tij dhe k\u00ebrkon largimin e saj. Qeveria duhet t\u00eb reflektoj\u00eb ose t\u00eb ik\u00eb. Fermer\u00ebt gjithashtu revoltohen me munges\u00ebn e mb\u00ebshtetjes nga qeveria dhe duhet ta k\u00ebrkojn\u00eb at\u00eb me protesta, ose p\u00ebrndryshe ajo t\u00eb largohet. Po k\u00ebshtu k\u00ebrkesat p\u00ebr rritje mir\u00ebqenie, kund\u00ebr shtrenjtimit, inflacionit, korrupsionit, krimit jan\u00eb momente kulmore protestuese t\u00eb nj\u00eb shoq\u00ebrie q\u00eb k\u00ebrkon ndryshimin e drejtimit politik t\u00eb qeverisjes. Edhe kur student\u00ebt e shohin q\u00eb padrejt\u00ebsia \u00ebsht\u00eb b\u00ebr\u00eb mal zem\u00ebrohen me protest\u00eb. Ndryshimi i k\u00ebrkuar prej tyre gjithmon\u00eb \u00ebsht\u00eb revolucionar dhe ata k\u00ebrkojn\u00eb p\u00ebrmbysje. Edhe n\u00eb k\u00ebt\u00eb rast nj\u00eb qeverisje serioze vet\u00eblargohet.<\/p>\n<p>Por ama, kur dalin n\u00eb protest\u00eb 18-vje\u00e7ar\u00ebt, \u00ebsht\u00eb fundi, fundi fare. Sepse kjo tregon q\u00eb drama t\u00ebr\u00ebsore ka kapur dhe at\u00eb segment t\u00eb shoq\u00ebris\u00eb ku fle e ardhmja dhe shpresa. Padrejt\u00ebsia ndaj tyre \u00ebsht\u00eb kulmi i padrejt\u00ebsis\u00eb q\u00eb e b\u00ebjn\u00eb vet\u00ebm regjimet. Dhe ta dini: Protesta e tyre nuk \u00ebsht\u00eb thjesht arsimore. \u00cbsht\u00eb t\u00ebr\u00ebsore. Atyre dhe familjeve t\u00eb tyre sot i kan\u00eb rr\u00ebmbyer gjith\u00e7ka. Edhe \u00ebndrr\u00ebn. P\u00ebrfundimisht k\u00ebsaj qeverisje i ka ardhur \u201cngordhja\u201d! N\u00eb 7 Korrik do t\u00eb protestojm\u00eb s\u00eb bashku dhe p\u00ebr ATA, f\u00ebmij\u00ebt tan\u00eb!\u201d, ka shkruar ai.<\/p>","protected":false},"excerpt":{"rendered":"<p>N\u00ebn kryetari i Partis\u00eb Demokratike Lu\u00e7iano Bo\u00e7i ka reaguar pas shqet\u00ebsimeve t\u00eb maturant\u00ebve n\u00eb lidhje me tezat e provimeve t\u00eb matur\u00ebs. Me an\u00eb t\u00eb nj\u00eb postimi n\u00eb Facebook, Bo\u00e7i shkruan se alarmi p\u00ebr gjendjen e r\u00ebnd\u00eb t\u00eb vendit e kan\u00eb dh\u00ebn\u00eb maturant\u00ebt. Ai po ashtu ka shtuar se n\u00eb 7 korrik do t\u00eb protestojn\u00eb p\u00ebr [&hellip;]<\/p>\n","protected":false},"author":2020,"featured_media":266697,"comment_status":"closed","ping_status":"closed","sticky":false,"template":"","format":"standard","meta":{"footnotes":""},"categories":[241,5380,231],"tags":[],"class_list":{"0":"post-266696","1":"post","2":"type-post","3":"status-publish","4":"format-standard","5":"has-post-thumbnail","7":"category-aktualitet","8":"category-kryesore","9":"category-lajme"},"_links":{"self":[{"href":"https:\/\/zjarr.tv\/en\/wp-json\/wp\/v2\/posts\/266696","targetHints":{"allow":["GET"]}}],"collection":[{"href":"https:\/\/zjarr.tv\/en\/wp-json\/wp\/v2\/posts"}],"about":[{"href":"https:\/\/zjarr.tv\/en\/wp-json\/wp\/v2\/types\/post"}],"author":[{"embeddable":true,"href":"https:\/\/zjarr.tv\/en\/wp-json\/wp\/v2\/users\/2020"}],"replies":[{"embeddable":true,"href":"https:\/\/zjarr.tv\/en\/wp-json\/wp\/v2\/comments?post=266696"}],"version-history":[{"count":0,"href":"https:\/\/zjarr.tv\/en\/wp-json\/wp\/v2\/posts\/266696\/revisions"}],"wp:featuredmedia":[{"embeddable":true,"href":"https:\/\/zjarr.tv\/en\/wp-json\/wp\/v2\/media\/266697"}],"wp:attachment":[{"href":"https:\/\/zjarr.tv\/en\/wp-json\/wp\/v2\/media?parent=266696"}],"wp:term":[{"taxonomy":"category","embeddable":true,"href":"https:\/\/zjarr.tv\/en\/wp-json\/wp\/v2\/categories?post=266696"},{"taxonomy":"post_tag","embeddable":true,"href":"https:\/\/zjarr.tv\/en\/wp-json\/wp\/v2\/tags?post=266696"}],"curies":[{"name":"wp","href":"https:\/\/api.w.org\/{rel}","templated":true}]}}