{"id":266700,"date":"2022-06-27T14:08:35","date_gmt":"2022-06-27T12:08:35","guid":{"rendered":"https:\/\/zjarr.tv\/?p=266700"},"modified":"2022-06-27T14:08:35","modified_gmt":"2022-06-27T12:08:35","slug":"finlanda-dhe-suedia-do-te-diskutojne-me-erdoganin-per-anetaresimin-e-tyre-ne-nato","status":"publish","type":"post","link":"https:\/\/zjarr.tv\/en\/finlanda-dhe-suedia-do-te-diskutojne-me-erdoganin-per-anetaresimin-e-tyre-ne-nato\/","title":{"rendered":"Finlanda dhe Suedia do t\u00eb diskutojn\u00eb me Erdoganin p\u00ebr an\u00ebtar\u00ebsimin e tyre n\u00eb NATO"},"content":{"rendered":"<p>Presidenti finlandez Sauli Niinisto dhe kryeministrja suedeze Magdalena Andersson, do t\u00eb diskutojn\u00eb m\u00eb 28 qershor me presidentin turk Recep Tayyip Erdogan p\u00ebr synimet e tyre p\u00ebr an\u00ebtar\u00ebsim n\u00eb NATO, t\u00eb cilat jan\u00eb bllokuar nga Turqia.<\/p>\n<p>Pal\u00ebt do t\u00eb zhvillojn\u00eb k\u00ebto bisedime n\u00eb kuad\u00ebr t\u00eb samitit t\u00eb NATO-s q\u00eb mbahet k\u00ebt\u00eb vit n\u00eb Madrid nga 28 deri m\u00eb 30 qershor. \u201cPresidenti Niinisto do t\u00eb takohet nes\u00ebr n\u00eb Madrid me presidentin turk Erdogan dhe kryeministren suedeze Andersson, si dhe Sekretarin e P\u00ebrgjithsh\u00ebm t\u00eb NATO-s, Jens Stoltenberg\u201d, ka th\u00ebn\u00eb presidenca finlandeze.<\/p>\n<p>Ai ka th\u00ebn\u00eb se takimit do t\u2019i paraprij\u00eb nj\u00eb rund bisedimesh mes zyrtar\u00ebve finlandez\u00eb, suedez\u00eb dhe turq, t\u00eb ftuar nga NATO-ja n\u00eb Bruksel\u201d. Pushtimi rus n\u00eb Ukrain\u00eb ka shtyr\u00eb Finland\u00ebn dhe Suedin\u00eb q\u00eb t\u00eb aplikojn\u00eb p\u00ebr an\u00ebtar\u00ebsim n\u00eb aleanc\u00ebn veri-atlantike. Mir\u00ebpo presidenti turk Recep Tayyip Erdogan, ka th\u00ebn\u00eb se \u00ebsht\u00eb kund\u00ebr pranimit t\u00eb k\u00ebtyre dy shteteve n\u00eb NATO, duke p\u00ebrmendur at\u00eb q\u00eb e konsideron mb\u00ebshtetje nga ana e tyre p\u00ebr \u201corganizata terroriste\u201d.<\/p>\n<p>Me k\u00ebt\u00eb deklarat\u00eb ai u referohet organizatave t\u00eb ndaluara, Partis\u00eb s\u00eb Pun\u00ebtor\u00ebve t\u00eb Kurdistanit (PKK) dhe milicis\u00eb kurde, Nj\u00ebsitet p\u00ebr Mbrojtje t\u00eb Popullit (YPG) n\u00eb Siri. Lideri turk u ka b\u00ebr\u00eb thirrje Suedis\u00eb dhe Finland\u00ebs q\u00eb t\u00eb heqin embargo p\u00ebr arm\u00ebt, t\u00eb vendosura kund\u00ebr Turqis\u00eb m\u00eb 2019, p\u00ebr shkak t\u00eb ofensiv\u00ebs ushtarake t\u00eb Ankaras\u00eb n\u00eb Siri.<\/p>\n<p>Erdogan ka dh\u00ebn\u00eb shenja m\u00eb 25 qershor se nuk \u00ebsht\u00eb arritur p\u00ebrparim n\u00eb synimet e Suedis\u00eb p\u00ebr t\u2019iu bashkuar NATO-s, duke i b\u00ebr\u00eb thirrje Stokholmit q\u00eb t\u00eb marr\u00eb \u201cveprime konkrete\u201d, ashtu q\u00eb t\u00eb shuaj\u00eb shqet\u00ebsimet e Ankaras\u00eb. Zyrtar\u00ebt turq kan\u00eb th\u00ebn\u00eb se Ankaraja nuk e konsideron samitin n\u00eb Madrid si afat t\u00eb fundit p\u00ebr zgjidhje t\u00eb mospajtimeve t\u00eb tyre.\/Rel<\/p>","protected":false},"excerpt":{"rendered":"<p>Presidenti finlandez Sauli Niinisto dhe kryeministrja suedeze Magdalena Andersson, do t\u00eb diskutojn\u00eb m\u00eb 28 qershor me presidentin turk Recep Tayyip Erdogan p\u00ebr synimet e tyre p\u00ebr an\u00ebtar\u00ebsim n\u00eb NATO, t\u00eb cilat jan\u00eb bllokuar nga Turqia. Pal\u00ebt do t\u00eb zhvillojn\u00eb k\u00ebto bisedime n\u00eb kuad\u00ebr t\u00eb samitit t\u00eb NATO-s q\u00eb mbahet k\u00ebt\u00eb vit n\u00eb Madrid nga 28 [&hellip;]<\/p>\n","protected":false},"author":2020,"featured_media":266701,"comment_status":"closed","ping_status":"closed","sticky":false,"template":"","format":"standard","meta":{"footnotes":""},"categories":[241,5380,231],"tags":[],"class_list":{"0":"post-266700","1":"post","2":"type-post","3":"status-publish","4":"format-standard","5":"has-post-thumbnail","7":"category-aktualitet","8":"category-kryesore","9":"category-lajme"},"_links":{"self":[{"href":"https:\/\/zjarr.tv\/en\/wp-json\/wp\/v2\/posts\/266700","targetHints":{"allow":["GET"]}}],"collection":[{"href":"https:\/\/zjarr.tv\/en\/wp-json\/wp\/v2\/posts"}],"about":[{"href":"https:\/\/zjarr.tv\/en\/wp-json\/wp\/v2\/types\/post"}],"author":[{"embeddable":true,"href":"https:\/\/zjarr.tv\/en\/wp-json\/wp\/v2\/users\/2020"}],"replies":[{"embeddable":true,"href":"https:\/\/zjarr.tv\/en\/wp-json\/wp\/v2\/comments?post=266700"}],"version-history":[{"count":0,"href":"https:\/\/zjarr.tv\/en\/wp-json\/wp\/v2\/posts\/266700\/revisions"}],"wp:featuredmedia":[{"embeddable":true,"href":"https:\/\/zjarr.tv\/en\/wp-json\/wp\/v2\/media\/266701"}],"wp:attachment":[{"href":"https:\/\/zjarr.tv\/en\/wp-json\/wp\/v2\/media?parent=266700"}],"wp:term":[{"taxonomy":"category","embeddable":true,"href":"https:\/\/zjarr.tv\/en\/wp-json\/wp\/v2\/categories?post=266700"},{"taxonomy":"post_tag","embeddable":true,"href":"https:\/\/zjarr.tv\/en\/wp-json\/wp\/v2\/tags?post=266700"}],"curies":[{"name":"wp","href":"https:\/\/api.w.org\/{rel}","templated":true}]}}