{"id":266703,"date":"2022-06-27T14:14:32","date_gmt":"2022-06-27T12:14:32","guid":{"rendered":"https:\/\/zjarr.tv\/?p=266703"},"modified":"2022-06-27T14:14:32","modified_gmt":"2022-06-27T12:14:32","slug":"do-veje-keq-kjo-pune-grida-duma-perplaset-me-zv-ministrin","status":"publish","type":"post","link":"https:\/\/zjarr.tv\/en\/do-veje-keq-kjo-pune-grida-duma-perplaset-me-zv-ministrin\/","title":{"rendered":"\u201cDo vej\u00eb keq kjo pun\u00eb\u201d, Grida Duma p\u00ebrplaset me zv.ministrin"},"content":{"rendered":"<p>Mbledhja e Komisionit p\u00ebr Pun\u00ebn, \u00c7\u00ebshtjet Sociale dhe Sh\u00ebndet\u00ebsin\u00eb, ku po diskutohet akti normativ p\u00ebr rimbursimin \u00e7mimeve t\u00eb kompanive p\u00ebr pun\u00ebt publike u shoq\u00ebrua me debate t\u00eb ashpra midis kryetares s\u00eb komisionit Grida Duma dhe p\u00ebrfaq\u00ebsuesve t\u00eb maxhoranc\u00ebs.<\/p>\n<p>Ishte kryetarja Duma e cila risolli n\u00eb v\u00ebmendje abuzimet miliona euro t\u00eb rrug\u00ebs Kardhiq-Delvin\u00eb, nd\u00ebrkoh\u00eb q\u00eb sipas saj qytetar\u00ebt ankohen se nuk po marrin bonusin e t\u00eb pastrehit.<\/p>\n<p>\u201cN\u00eb k\u00ebt\u00eb \u00e7ast mua m\u00eb shkruajn\u00eb dhe m\u00eb thon\u00eb q\u00eb thuaji atyre zot\u00ebrinj\u00ebve q\u00eb i japin rrug\u00ebn Kardhiq Delvin\u00eb miliona euro, ne nuk marrim dot bonusin e pastreh\u00eb q\u00eb na paguajn\u00eb 50%. Ky \u00ebsht\u00eb shqet\u00ebsimi\u201d, tha Duma.<\/p>\n<p>Zv.ministri i infrastruktur\u00ebs Ilir Bejtja: Mos e b\u00eb konferenc\u00eb p\u00ebr shtyp!<\/p>\n<p>Po vazhduat k\u00ebshtu do vej\u00eb keq kjo pun\u00eb<\/p>\n<p>Grida Duma: Do bllokohet mbledhja! N\u00ebse ju kan\u00eb dh\u00ebn\u00eb urdhur t\u00eb b\u00ebni zhurm\u00eb do bllokohet mbledhja.<\/p>\n<p>Grida Duma ka akuzuar mazhoranc\u00ebn se me parat\u00eb e buxhetit t\u00eb shtetit po kompenson kompanit\u00eb q\u00eb jan\u00eb rankuar si oligark\u00eb dhe ka harruar qytetar\u00ebt q\u00eb po p\u00ebrballen me rritjen e \u00e7mimeve t\u00eb ushqimeve dhe karburanteve.<\/p>\n<p>\u201cPo p\u00ebrdorni parat\u00eb e buxhetit p\u00ebr t\u00eb kompensuar kompanit\u00eb q\u00eb jan\u00eb rankuar si oligark. Kush jan\u00eb kompanit\u00eb q\u00eb fitojn\u00eb. Dhe ku bazohet q\u00eb propozohet me VKM q\u00eb t\u00eb kompensohen disa kompani dhe cilat jo.<\/p>\n<p>E dyta ju thoni se jan\u00eb rritur por rruga Kardhiq-Delvin\u00eb nisi me 50 dhe p\u00ebrfundon me 180 milIon\u00eb. K\u00ebto jan\u00eb kompani q\u00eb marrin 99.9 t\u00eb fondit limit. Nd\u00ebrkoh\u00eb vez\u00ebt, vaji \u00ebsht\u00eb rritur 200% por ju nuk i shp\u00ebrndani lek\u00ebt p\u00ebr qytetar\u00ebt. Ne me 400 milion euro shtes\u00eb nga nga taksat ne ja \u00e7ojm\u00eb Gjok\u00ebs e Salillarit. Ka shkuar shteti q\u00eb tu thot\u00eb se e ke n\u00eb kontrat\u00eb marzhin e rriskut. Po kur ulen \u00e7mimet i k\u00ebrkoni ju lek\u00eb?\u201d, tha ajo.<\/p>\n<p>Anti kushtetuese gati, q\u00eb t\u00eb b\u00ebhet nj\u00eb akt me prapaveprim. Keni shkuar ndonj\u00ebher\u00eb t\u00eb k\u00ebrkoni lek se ka qen\u00eb \u00e7mimet e ulta?<\/p>","protected":false},"excerpt":{"rendered":"<p>Mbledhja e Komisionit p\u00ebr Pun\u00ebn, \u00c7\u00ebshtjet Sociale dhe Sh\u00ebndet\u00ebsin\u00eb, ku po diskutohet akti normativ p\u00ebr rimbursimin \u00e7mimeve t\u00eb kompanive p\u00ebr pun\u00ebt publike u shoq\u00ebrua me debate t\u00eb ashpra midis kryetares s\u00eb komisionit Grida Duma dhe p\u00ebrfaq\u00ebsuesve t\u00eb maxhoranc\u00ebs. Ishte kryetarja Duma e cila risolli n\u00eb v\u00ebmendje abuzimet miliona euro t\u00eb rrug\u00ebs Kardhiq-Delvin\u00eb, nd\u00ebrkoh\u00eb q\u00eb sipas [&hellip;]<\/p>\n","protected":false},"author":2020,"featured_media":188666,"comment_status":"closed","ping_status":"closed","sticky":false,"template":"","format":"standard","meta":{"footnotes":""},"categories":[241,5380,231],"tags":[],"class_list":{"0":"post-266703","1":"post","2":"type-post","3":"status-publish","4":"format-standard","5":"has-post-thumbnail","7":"category-aktualitet","8":"category-kryesore","9":"category-lajme"},"_links":{"self":[{"href":"https:\/\/zjarr.tv\/en\/wp-json\/wp\/v2\/posts\/266703","targetHints":{"allow":["GET"]}}],"collection":[{"href":"https:\/\/zjarr.tv\/en\/wp-json\/wp\/v2\/posts"}],"about":[{"href":"https:\/\/zjarr.tv\/en\/wp-json\/wp\/v2\/types\/post"}],"author":[{"embeddable":true,"href":"https:\/\/zjarr.tv\/en\/wp-json\/wp\/v2\/users\/2020"}],"replies":[{"embeddable":true,"href":"https:\/\/zjarr.tv\/en\/wp-json\/wp\/v2\/comments?post=266703"}],"version-history":[{"count":0,"href":"https:\/\/zjarr.tv\/en\/wp-json\/wp\/v2\/posts\/266703\/revisions"}],"wp:featuredmedia":[{"embeddable":true,"href":"https:\/\/zjarr.tv\/en\/wp-json\/wp\/v2\/media\/188666"}],"wp:attachment":[{"href":"https:\/\/zjarr.tv\/en\/wp-json\/wp\/v2\/media?parent=266703"}],"wp:term":[{"taxonomy":"category","embeddable":true,"href":"https:\/\/zjarr.tv\/en\/wp-json\/wp\/v2\/categories?post=266703"},{"taxonomy":"post_tag","embeddable":true,"href":"https:\/\/zjarr.tv\/en\/wp-json\/wp\/v2\/tags?post=266703"}],"curies":[{"name":"wp","href":"https:\/\/api.w.org\/{rel}","templated":true}]}}